{"id":10372,"date":"2026-01-17T12:28:13","date_gmt":"2026-01-17T12:28:13","guid":{"rendered":"https:\/\/alnutisiari.it\/?p=10372"},"modified":"2026-01-17T12:28:14","modified_gmt":"2026-01-17T12:28:14","slug":"sconfitta-onorevole-per-il-volley-crescentino-con-lerreesse-pavic","status":"publish","type":"post","link":"https:\/\/alnutisiari.it\/index.php\/2026\/01\/17\/sconfitta-onorevole-per-il-volley-crescentino-con-lerreesse-pavic\/","title":{"rendered":"Sconfitta onorevole per il Volley Crescentino con l&#8217;Erreesse Pavic"},"content":{"rendered":"\n<p><\/p>\n\n\n\n<p>Sconfitta casalinga per 3-0 per il Volley Crescentino contro l\u2019Erreesse Pavic nella prima giornata di ritorno della Prima Divisione maschile di pallavolo. I ragazzi allenati da Ader Falqui sono stati sconfitti con questi parziali: 20-25, 23-25, 23-25.<\/p>\n\n\n\n<div class=\"wp-block-group has-background\" style=\"background-color:#daf794\"><div class=\"wp-block-group__inner-container is-layout-constrained wp-block-group-is-layout-constrained\">\n<div style=\"height:70px\" aria-hidden=\"true\" class=\"wp-block-spacer\"><\/div>\n\n\n\n<h2 class=\"wp-block-heading has-text-align-center\">Iscriviti alla nostra newsletter<\/h2>\n\n\n\n<h2 class=\"wp-block-heading has-text-align-center\">per rimanere sempre informato<\/h2>\n\n\n\n<div class=\"wp-block-buttons is-content-justification-center is-layout-flex wp-container-core-buttons-is-layout-16018d1d wp-block-buttons-is-layout-flex\">\n<div class=\"wp-block-button\"><a class=\"wp-block-button__link has-text-align-center wp-element-button\" href=\"https:\/\/alnutisiari.voxmail.it\/user\/register\" target=\"_blank\" rel=\"noreferrer noopener\">Clicca per iscriverti !!<\/a><\/div>\n<\/div>\n\n\n\n<div style=\"height:75px\" aria-hidden=\"true\" class=\"wp-block-spacer\"><\/div>\n<\/div><\/div>\n\n\n\n<p><\/p>\n\n\n\n<p>Dal Volley Crescentino commentano: \u201cE\u2019 stata una partita che sicuramente non ha dato il risultato sperato. Per tutti e tre i set ci siamo trovati sopra per poi essere recuperati nel finale con 7\/8 punti persi di fila. Purtroppo ci sono due rotazioni in cui facciamo veramente fatica, ed \u00e8 proprio l\u00ec che prendiamo i filotti di punti persi, sia per disattenzione, sia per difficolt\u00e0 negli schemi. Solo che se l&#8217;avversario \u00e8 gestibile riusciamo a venirne fuori, se l&#8217;avversario, come ieri, \u00e8 molto forte, facciamo fatica. C&#8217;\u00e8 da dire che loro erano pi\u00f9 forti di noi in quasi tutto, in battuta, a muro, in attacco e avevano anche una buona difesa. Noi abbiamo fatto comunque una bella gara perch\u00e9 abbiamo ricevuto molto bene e abbiamo attaccato abbastanza bene, purtroppo a muro non sempre siamo stati composti e abbiamo pagato questo punto\u201d.<\/p>\n\n\n\n<p>E continuano: \u201cIl nostro peggior nemico per\u00f2 \u00e8 stata la testa, ci siamo distratti troppo per la qualit\u00e0 del nostro avversario ed \u00e8 andata male. Con pi\u00f9 attenzione potevamo sicuramente portare a casa uno o due set per\u00f2 \u00e8 andata cos\u00ec. Una nota positiva \u00e8 che rispetto all&#8217;andata abbiamo fatto una gara di tutto rispetto. La strada \u00e8 ancora lunga, questa sconfitta ci servir\u00e0 di lezione per lavorare bene in settimana, anche perch\u00e9 sabato 24 gennaio alle 18.30 giocheremo contro i primi in classifica che non hanno mai perso una partita. Quindi serve quanto meno riprenderci dalla batosta e lavorare sodo\u201d.<\/p>\n","protected":false},"excerpt":{"rendered":"<p>Sconfitta casalinga per 3-0 per il Volley Crescentino contro l\u2019Erreesse Pavic nella prima giornata di ritorno della Prima Divisione maschile di pallavolo. I ragazzi allenati da Ader Falqui sono stati&#8230;<\/p>\n","protected":false},"author":2,"featured_media":2510,"comment_status":"closed","ping_status":"open","sticky":false,"template":"","format":"standard","meta":{"footnotes":""},"categories":[38],"tags":[],"class_list":["post-10372","post","type-post","status-publish","format-standard","has-post-thumbnail","hentry","category-pallavolo"],"_links":{"self":[{"href":"https:\/\/alnutisiari.it\/index.php\/wp-json\/wp\/v2\/posts\/10372","targetHints":{"allow":["GET"]}}],"collection":[{"href":"https:\/\/alnutisiari.it\/index.php\/wp-json\/wp\/v2\/posts"}],"about":[{"href":"https:\/\/alnutisiari.it\/index.php\/wp-json\/wp\/v2\/types\/post"}],"author":[{"embeddable":true,"href":"https:\/\/alnutisiari.it\/index.php\/wp-json\/wp\/v2\/users\/2"}],"replies":[{"embeddable":true,"href":"https:\/\/alnutisiari.it\/index.php\/wp-json\/wp\/v2\/comments?post=10372"}],"version-history":[{"count":1,"href":"https:\/\/alnutisiari.it\/index.php\/wp-json\/wp\/v2\/posts\/10372\/revisions"}],"predecessor-version":[{"id":10373,"href":"https:\/\/alnutisiari.it\/index.php\/wp-json\/wp\/v2\/posts\/10372\/revisions\/10373"}],"wp:featuredmedia":[{"embeddable":true,"href":"https:\/\/alnutisiari.it\/index.php\/wp-json\/wp\/v2\/media\/2510"}],"wp:attachment":[{"href":"https:\/\/alnutisiari.it\/index.php\/wp-json\/wp\/v2\/media?parent=10372"}],"wp:term":[{"taxonomy":"category","embeddable":true,"href":"https:\/\/alnutisiari.it\/index.php\/wp-json\/wp\/v2\/categories?post=10372"},{"taxonomy":"post_tag","embeddable":true,"href":"https:\/\/alnutisiari.it\/index.php\/wp-json\/wp\/v2\/tags?post=10372"}],"curies":[{"name":"wp","href":"https:\/\/api.w.org\/{rel}","templated":true}]}}