{"id":1534,"date":"2025-08-30T07:05:15","date_gmt":"2025-08-30T07:05:15","guid":{"rendered":"https:\/\/alnutisiari.it\/?p=1534"},"modified":"2025-08-30T07:07:57","modified_gmt":"2025-08-30T07:07:57","slug":"riso-international-cup-e-calcio-integrato-orgoglio-per-lupetti-bianchi-trino","status":"publish","type":"post","link":"https:\/\/alnutisiari.it\/index.php\/2025\/08\/30\/riso-international-cup-e-calcio-integrato-orgoglio-per-lupetti-bianchi-trino\/","title":{"rendered":"Ris\u00f2 International Cup e calcio integrato: orgoglio per Lupetti Bianchi Trino"},"content":{"rendered":"\n<p>\u201cPer noi \u00e8 un onore ospitare la Ris\u00f2 International Cup. Sono certo che sar\u00e0 un successo\u201d. Il presidente dei Lupetti Bianchi Trino Luigi Falcone parla ad ampio raggio sull\u2019attivit\u00e0 della societ\u00e0 bianco azzurra.<\/p>\n\n\n\n<div class=\"wp-block-group has-background\" style=\"background-color:#daf794\"><div class=\"wp-block-group__inner-container is-layout-constrained wp-block-group-is-layout-constrained\">\n<div style=\"height:70px\" aria-hidden=\"true\" class=\"wp-block-spacer\"><\/div>\n\n\n\n<h2 class=\"wp-block-heading has-text-align-center\">Iscriviti alla nostra newsletter<\/h2>\n\n\n\n<h2 class=\"wp-block-heading has-text-align-center\">per rimanere sempre informato<\/h2>\n\n\n\n<div class=\"wp-block-buttons is-content-justification-center is-layout-flex wp-container-core-buttons-is-layout-16018d1d wp-block-buttons-is-layout-flex\">\n<div class=\"wp-block-button\"><a class=\"wp-block-button__link has-text-align-center wp-element-button\" href=\"https:\/\/alnutisiari.voxmail.it\/user\/register\" target=\"_blank\" rel=\"noreferrer noopener\">Clicca per iscriverti !!<\/a><\/div>\n<\/div>\n\n\n\n<div style=\"height:75px\" aria-hidden=\"true\" class=\"wp-block-spacer\"><\/div>\n<\/div><\/div>\n\n\n\n<p>Ris\u00f2 International Cup: \u201cPer noi \u00e8 un evento molto importante e se \u00e8 andato in porto \u00e8 grazie all\u2019Amministrazione comunale di Trino che ci ha creduto da subito e che ha voluto che si svolgesse a Trino. L\u2019Amministrazione del sindaco Daniele Pane si sta dimostrando da sempre molto vicina allo sport e ai giovani e di questo gliene siamo grati. Per Lupetti Bianchi Trino \u00e8 un onore collaborare con il Comune di Trino e con Sport Pro Experience per l\u2019organizzazione della Ris\u00f2 International Cup che porter\u00e0 a Trino societ\u00e0 blasonate, quattro straniere e tante professionistiche italiane, oltre ad avere la chicca di Torino e Juventus nello stesso torneo, cosa che negli ultimi anni avviene di rado. Su questo torneo si sta investendo tanto, ma dar\u00e0 una grande immagine di Trino, del suo impianto e alla nostra societ\u00e0. Avremo 500 bambini ogni giorno, aggiungendo dirigenti e genitori e parenti, si parla di 1500 persone per giorno nel fine settimana del 13 e 14 settembre. Abbiamo stretto accordi coi ristoranti di Trino per ospitare chi sar\u00e0 presente al torneo, per le squadre straniere abbiamo prenotato 200 posti al Modo Hotel e al Palace Hotel di Vercelli. Sono certo che questo torneo andr\u00e0 bene, col tempo diverr\u00e0 ancora pi\u00f9 grande ed importante e gi\u00e0 lo sar\u00e0 nel 2026 quando ci piacerebbe coinvolgere altri campi in paesi limitrofi per le fasi di qualificazione. Sar\u00e0 bello infine vedere la mini sfilata che porter\u00e0 le squadre dal campo sportivo a Palazzo Paleologo dove si terranno le premiazioni\u201d.<\/p>\n\n\n\n<figure class=\"wp-block-image size-large\"><img loading=\"lazy\" decoding=\"async\" width=\"1024\" height=\"768\" src=\"https:\/\/alnutisiari.it\/wp-content\/uploads\/2025\/08\/immagine-compressa-43-1-1024x768.jpg\" alt=\"\" class=\"wp-image-1536\" srcset=\"https:\/\/alnutisiari.it\/wp-content\/uploads\/2025\/08\/immagine-compressa-43-1-1024x768.jpg 1024w, https:\/\/alnutisiari.it\/wp-content\/uploads\/2025\/08\/immagine-compressa-43-1-300x225.jpg 300w, https:\/\/alnutisiari.it\/wp-content\/uploads\/2025\/08\/immagine-compressa-43-1-768x576.jpg 768w, https:\/\/alnutisiari.it\/wp-content\/uploads\/2025\/08\/immagine-compressa-43-1-1536x1152.jpg 1536w, https:\/\/alnutisiari.it\/wp-content\/uploads\/2025\/08\/immagine-compressa-43-1-2048x1536.jpg 2048w, https:\/\/alnutisiari.it\/wp-content\/uploads\/2025\/08\/immagine-compressa-43-1-1250x938.jpg 1250w\" sizes=\"auto, (max-width: 1024px) 100vw, 1024px\" \/><\/figure>\n\n\n\n<p>L\u2019impegno: \u201cE\u2019 tanto. Per gestire l\u2019enorme presenza di persone al torneo, avremo bisogno di tanta gente e quindi sono state contattate dall\u2019Amministrazione comunale varie associazioni di Trino per collaborare alla perfetta gestione e riusciti. Da un mese ogni giorno siamo la lavoro perch\u00e9 tutto sia fatto a puntino. Abbiamo svolto, e stiamo ancora svolgendo in questi giorni, tanti lavori di nostro pugno per rendere la struttura del Roberto Picco bella ed accogliente. Abbiamo tinteggiato la tribuna coi nostri colori sociali, bianco e azzurro, lo stesso lavoro \u00e8 stato fatto anche per gli spogliatoi. Infine sistemeremo e daremo il colore anche al muro di cinta del perimetro dello stadio su viale Fratelli Brignone. A breve il muro di cinta sar\u00e0 abbellito dalla presenza di tutti gli stemmi della storia del calcio trinese\u201d.<\/p>\n\n\n\n<figure class=\"wp-block-image size-large\"><img loading=\"lazy\" decoding=\"async\" width=\"1024\" height=\"768\" src=\"https:\/\/alnutisiari.it\/wp-content\/uploads\/2025\/08\/immagine-compressa-44-1-1024x768.jpg\" alt=\"\" class=\"wp-image-1537\" srcset=\"https:\/\/alnutisiari.it\/wp-content\/uploads\/2025\/08\/immagine-compressa-44-1-1024x768.jpg 1024w, https:\/\/alnutisiari.it\/wp-content\/uploads\/2025\/08\/immagine-compressa-44-1-300x225.jpg 300w, https:\/\/alnutisiari.it\/wp-content\/uploads\/2025\/08\/immagine-compressa-44-1-768x576.jpg 768w, https:\/\/alnutisiari.it\/wp-content\/uploads\/2025\/08\/immagine-compressa-44-1-1536x1152.jpg 1536w, https:\/\/alnutisiari.it\/wp-content\/uploads\/2025\/08\/immagine-compressa-44-1-2048x1536.jpg 2048w, https:\/\/alnutisiari.it\/wp-content\/uploads\/2025\/08\/immagine-compressa-44-1-1250x938.jpg 1250w\" sizes=\"auto, (max-width: 1024px) 100vw, 1024px\" \/><\/figure>\n\n\n\n<p>Il settore giovanile: \u201cAbbiamo superato qualche difficolt\u00e0, ora siamo pronti alla nuova stagione con tutte le categorie della trafila giovanile. Con la Juniores Under 19 siamo invece pronti alla fase di qualificazione al campionato regionale: i ragazzi di mister Bessi inizieranno questa fase molto importante sabato 6 settembre. Per il resto procede tutto bene, abbiamo sempre due pullmini a disposizione per i ragazzi che arrivano da Vercelli e da Casale Monferrato e abbiamo in progetto di acquistarne un terzo a ottobre. Nel nostro settore giovanile abbiamo tutti tecnici qualificati e patentati. Mi aspetto da questa stagione di fare bella figura per portare avanti il nome di Trino con orgoglio e per dare una bella immagine sia alla societ\u00e0 che alla citt\u00e0\u201d.<\/p>\n\n\n\n<p>La collaborazione con la Pro Vercelli: \u201cSono felice che la nuova dirigenza abbia dimostrato apertura verso il territorio. E cos\u00ec a Trino ospiteremo le partite delle formazioni nazionali Under 17 e Under 15 e le squadre femminili della Pro Vercelli\u201d.<\/p>\n\n\n\n<p>Il calcio integrato: &lt;&lt;E\u2019 in crescita, quest\u2019anno abbiamo altri tre bambini che arrivano dal casalese e che portano il totale dei nostri bambini disabili a quota 12. Si allenano una volta a settimana al Sacro Cuore a Vercelli, ma quest\u2019anno, visto l\u2019aumento dei piccoli dal casalese, faremo allenamento anche a Trino. Siamo molto contenti della crescita di questo progetto che ha una funzione inclusiva nel mondo del calcio e dello sport per questi bambini che presentano difficolt\u00e0 intellettive. Eravamo partiti con quattro bambini, nel giro di poco tempo siamo cresciuti a 12. A seguire il progetto, del tutto gratuito per le famiglie, \u00e8 il massofisioterapista Andrea Bernini, con l\u2019ausilio di un suo collaboratore. Progetto che riusciamo a realizzare grazie ad Autocarrozzeria Moderna di Casale Monferrato che sponsorizza questa attivit\u00e0 e che ringraziamo di cuore per la sensibilit\u00e0. I bambini svolgono un allenamento a settimana, per un\u2019ora, e sta dando i suoi frutti, perch\u00e9 socializzano molto meglio di prima. Il nostro progetto \u00e8 stato elogiato dalla Figc, sia locale, che regionale e nazionale, \u00e8 un punto di orgoglio per Lupetti Bianchi Trino e per tutto il calcio in generale. Il progetto \u00e8 seguito a livello federale direttamente da Roma, con esperti del settore che arrivano sia dalla capitale che da Torino. I bambini partecipano anche a raggruppamenti con varie societ\u00e0 per cimentarsi in giochini ad hoc per loro\u201d.<\/p>\n\n\n\n<p>La prima squadra: &lt;&lt;Dal 16 agosto il lavoro agli ordini di mister Davide Modenese \u00e8 stato molto intenso. Vedo un bel gruppo di giocatori molto affiatati, sia tra i pi\u00f9 che giovani che tra i pi\u00f9 esperti. L\u2019obiettivo che ho in testa \u00e8 quello di salire di categoria, ma lascio i ragazzi tranquilli, so che hanno le capacit\u00e0 per puntare a questo traguardo. E\u2019 un gruppo forte\u201d.<\/p>\n","protected":false},"excerpt":{"rendered":"<p>\u201cPer noi \u00e8 un onore ospitare la Ris\u00f2 International Cup. Sono certo che sar\u00e0 un successo\u201d. Il presidente dei Lupetti Bianchi Trino Luigi Falcone parla ad ampio raggio sull\u2019attivit\u00e0 della&#8230;<\/p>\n","protected":false},"author":2,"featured_media":1535,"comment_status":"closed","ping_status":"open","sticky":false,"template":"","format":"standard","meta":{"footnotes":""},"categories":[6,28,12],"tags":[],"class_list":["post-1534","post","type-post","status-publish","format-standard","has-post-thumbnail","hentry","category-calcio","category-lb-trino","category-trino"],"_links":{"self":[{"href":"https:\/\/alnutisiari.it\/index.php\/wp-json\/wp\/v2\/posts\/1534","targetHints":{"allow":["GET"]}}],"collection":[{"href":"https:\/\/alnutisiari.it\/index.php\/wp-json\/wp\/v2\/posts"}],"about":[{"href":"https:\/\/alnutisiari.it\/index.php\/wp-json\/wp\/v2\/types\/post"}],"author":[{"embeddable":true,"href":"https:\/\/alnutisiari.it\/index.php\/wp-json\/wp\/v2\/users\/2"}],"replies":[{"embeddable":true,"href":"https:\/\/alnutisiari.it\/index.php\/wp-json\/wp\/v2\/comments?post=1534"}],"version-history":[{"count":2,"href":"https:\/\/alnutisiari.it\/index.php\/wp-json\/wp\/v2\/posts\/1534\/revisions"}],"predecessor-version":[{"id":1539,"href":"https:\/\/alnutisiari.it\/index.php\/wp-json\/wp\/v2\/posts\/1534\/revisions\/1539"}],"wp:featuredmedia":[{"embeddable":true,"href":"https:\/\/alnutisiari.it\/index.php\/wp-json\/wp\/v2\/media\/1535"}],"wp:attachment":[{"href":"https:\/\/alnutisiari.it\/index.php\/wp-json\/wp\/v2\/media?parent=1534"}],"wp:term":[{"taxonomy":"category","embeddable":true,"href":"https:\/\/alnutisiari.it\/index.php\/wp-json\/wp\/v2\/categories?post=1534"},{"taxonomy":"post_tag","embeddable":true,"href":"https:\/\/alnutisiari.it\/index.php\/wp-json\/wp\/v2\/tags?post=1534"}],"curies":[{"name":"wp","href":"https:\/\/api.w.org\/{rel}","templated":true}]}}