{"id":1588,"date":"2025-09-03T05:41:32","date_gmt":"2025-09-03T05:41:32","guid":{"rendered":"https:\/\/alnutisiari.it\/?p=1588"},"modified":"2025-09-03T05:49:25","modified_gmt":"2025-09-03T05:49:25","slug":"dal-5-al-9-settembre-la-festa-di-san-bononio-a-fontanetto-po","status":"publish","type":"post","link":"https:\/\/alnutisiari.it\/index.php\/2025\/09\/03\/dal-5-al-9-settembre-la-festa-di-san-bononio-a-fontanetto-po\/","title":{"rendered":"Dal 5 al 9 settembre la festa di San Bononio a Fontanetto Po"},"content":{"rendered":"\n<p>Cinque giorni di festa a Fontanetto Po per la festa patronale di San Bononio. Inizier\u00e0 venerd\u00ec 5 settembre per terminare marted\u00ec 9 settembre. E\u2019 organizzata da Comune di Fontanetto Po e Pro Loco Fontanetto Po e fa parte dei Borghi delle Vie d\u2019Acqua.<\/p>\n\n\n\n<div class=\"wp-block-group has-background\" style=\"background-color:#daf794\"><div class=\"wp-block-group__inner-container is-layout-constrained wp-block-group-is-layout-constrained\">\n<div style=\"height:70px\" aria-hidden=\"true\" class=\"wp-block-spacer\"><\/div>\n\n\n\n<h2 class=\"wp-block-heading has-text-align-center\">Iscriviti alla nostra newsletter<\/h2>\n\n\n\n<h2 class=\"wp-block-heading has-text-align-center\">per rimanere sempre informato<\/h2>\n\n\n\n<div class=\"wp-block-buttons is-content-justification-center is-layout-flex wp-container-core-buttons-is-layout-16018d1d wp-block-buttons-is-layout-flex\">\n<div class=\"wp-block-button\"><a class=\"wp-block-button__link has-text-align-center wp-element-button\" href=\"https:\/\/alnutisiari.voxmail.it\/user\/register\" target=\"_blank\" rel=\"noreferrer noopener\">Clicca per iscriverti !!<\/a><\/div>\n<\/div>\n\n\n\n<div style=\"height:75px\" aria-hidden=\"true\" class=\"wp-block-spacer\"><\/div>\n<\/div><\/div>\n\n\n\n<p>Venerd\u00ec 5 settembre la patronale esordir\u00e0 alle 18.30 nella sede del Comitato del Gemellaggio con l\u2019accoglienza della delegazione dei gemelli francesi di Canton de Verteillac, mentre alle 19.30 in piazza Garibaldi ci sar\u00e0 la prima serata culinaria curata dalla Pro Loco che proporr\u00e0 le specialit\u00e0 di paella, frittura di pesce, milanese gigante. Alle 22 la serata musicale con dj Frank e la presentazione della squadra di calcio dei Warrios 84 Fontanetto.<\/p>\n\n\n\n<p>Sabato 6 settembre alle 14.30 alla roggia chiusa in zona piazza Garibaldi ci sar\u00e0 la gara di pesca per bambini e ragazzi. Alle 15 al campo da tennis del Fontanetto Sport Village ci saranno le finali dei tornei di tennis e padel organizzati dall\u2019Associazione Tennistica Dilettantistica Fontanettese. Alle 19.30 in piazza Garibaldi seconda serata culinaria con la Pro Loco che proporr\u00e0 le specialit\u00e0 riso rosa al Castelmagno, grigliata di carne, milanese gigante. Alle 22 la serata musicale con la discomobile di Radio Gran Paradiso.<\/p>\n\n\n\n<p>Domenica 7 settembre alle 10 in via Viotti il momento ufficiale dell\u2019avvio della festa patronale con l\u2019inaugurazione del banco di beneficenza del Gruppo Alpini \u201cArturo Rampone\u201d di Fontanetto Po, la presenza dello stand dell\u2019associazione di volontariato Vita Tre di Fontanetto Po, la mostra fotografica \u201cRicordi di Fontanetto Po\u201d a cura di Franco Favre per i 120 anni della banda musicale \u201cG.B. Viotti\u201d di Fontanetto Po e con i pittori all\u2019opera sul tema \u201cCani, gatti &amp; co\u201d.<\/p>\n\n\n\n<p>Alle 10.30 nella chiesa della Santissima Trinit\u00e0 verr\u00e0 aperta la mostra \u201cAltari in fiore\u201d dedicata a Giuseppe e Maria Teresa Guasco.<\/p>\n\n\n\n<p>Alle 11 in chiesa parrocchiale sar\u00e0 celebrata la messa per il santo patrono San Bononio.<\/p>\n\n\n\n<p>Alle 17.30 in piazza Cavour si terr\u00e0 il concetto della Banda musicale \u201cG.B. Viotti\u201d diretta dal maestro Rino Messineo.<\/p>\n\n\n\n<p>Alle 19.30 in piazza Garibaldi terza serata culinaria con la Pro Loco che proporr\u00e0 come specialit\u00e0 agnolotti, porchetta, milanese gigante. Alle 22 la musica con la band 80 Voglia di 90\/2000.<\/p>\n\n\n\n<p>Luned\u00ec 8 settembre alle 19.30 in piazza Garibaldi la quarta serata culinaria con la Pro Loco che presenter\u00e0 le specialit\u00e0 panissa, rane fritte, milanese gigante. Alle 22 la musica con l\u2019orchestra spettacolo Enrico Negro &amp; La musica dal vivo.<\/p>\n\n\n\n<p>Infine marted\u00ec 9 settembre quinta serata culinaria in piazza Garibaldi con la Pro Loco pronta a proporre i suoi piatti della festa, alle 22 la serata musicale con dj set.<\/p>\n\n\n\n<p>Tutti i giorni ci sar\u00e0 il luna park e marted\u00ec 9 settembre si concluder\u00e0 la festa con la gara della calci in culo.<\/p>\n","protected":false},"excerpt":{"rendered":"<p>Cinque giorni di festa a Fontanetto Po per la festa patronale di San Bononio. Inizier\u00e0 venerd\u00ec 5 settembre per terminare marted\u00ec 9 settembre. E\u2019 organizzata da Comune di Fontanetto Po&#8230;<\/p>\n","protected":false},"author":2,"featured_media":1589,"comment_status":"closed","ping_status":"open","sticky":false,"template":"","format":"standard","meta":{"footnotes":""},"categories":[17,49],"tags":[],"class_list":["post-1588","post","type-post","status-publish","format-standard","has-post-thumbnail","hentry","category-eventi","category-paesi"],"_links":{"self":[{"href":"https:\/\/alnutisiari.it\/index.php\/wp-json\/wp\/v2\/posts\/1588","targetHints":{"allow":["GET"]}}],"collection":[{"href":"https:\/\/alnutisiari.it\/index.php\/wp-json\/wp\/v2\/posts"}],"about":[{"href":"https:\/\/alnutisiari.it\/index.php\/wp-json\/wp\/v2\/types\/post"}],"author":[{"embeddable":true,"href":"https:\/\/alnutisiari.it\/index.php\/wp-json\/wp\/v2\/users\/2"}],"replies":[{"embeddable":true,"href":"https:\/\/alnutisiari.it\/index.php\/wp-json\/wp\/v2\/comments?post=1588"}],"version-history":[{"count":2,"href":"https:\/\/alnutisiari.it\/index.php\/wp-json\/wp\/v2\/posts\/1588\/revisions"}],"predecessor-version":[{"id":1594,"href":"https:\/\/alnutisiari.it\/index.php\/wp-json\/wp\/v2\/posts\/1588\/revisions\/1594"}],"wp:featuredmedia":[{"embeddable":true,"href":"https:\/\/alnutisiari.it\/index.php\/wp-json\/wp\/v2\/media\/1589"}],"wp:attachment":[{"href":"https:\/\/alnutisiari.it\/index.php\/wp-json\/wp\/v2\/media?parent=1588"}],"wp:term":[{"taxonomy":"category","embeddable":true,"href":"https:\/\/alnutisiari.it\/index.php\/wp-json\/wp\/v2\/categories?post=1588"},{"taxonomy":"post_tag","embeddable":true,"href":"https:\/\/alnutisiari.it\/index.php\/wp-json\/wp\/v2\/tags?post=1588"}],"curies":[{"name":"wp","href":"https:\/\/api.w.org\/{rel}","templated":true}]}}