{"id":17590,"date":"2026-02-10T06:47:43","date_gmt":"2026-02-10T06:47:43","guid":{"rendered":"https:\/\/alnutisiari.it\/?p=17590"},"modified":"2026-02-10T06:47:44","modified_gmt":"2026-02-10T06:47:44","slug":"che-delizia-la-fagiolata-degli-amici-robellesi-complimenti-meritati","status":"publish","type":"post","link":"https:\/\/alnutisiari.it\/index.php\/2026\/02\/10\/che-delizia-la-fagiolata-degli-amici-robellesi-complimenti-meritati\/","title":{"rendered":"Che delizia la fagiolata degli Amici Robellesi: complimenti meritati!"},"content":{"rendered":"\n<p><\/p>\n\n\n\n<p>Una fagiolata strepitosa. Come sempre. Quella preparata dagli Amici Robellesi non tradisce mai, \u00e8 la pi\u00f9 attesa del vercellese per la sua bont\u00e0, e la lunga fila di persone ad attendere la distribuzione, lo dimostra, ogni anno, sempre in aumento.<\/p>\n\n\n\n<div class=\"wp-block-group has-background\" style=\"background-color:#daf794\"><div class=\"wp-block-group__inner-container is-layout-constrained wp-block-group-is-layout-constrained\">\n<div style=\"height:70px\" aria-hidden=\"true\" class=\"wp-block-spacer\"><\/div>\n\n\n\n<h2 class=\"wp-block-heading has-text-align-center\">Iscriviti alla nostra newsletter<\/h2>\n\n\n\n<h2 class=\"wp-block-heading has-text-align-center\">per rimanere sempre informato<\/h2>\n\n\n\n<div class=\"wp-block-buttons is-content-justification-center is-layout-flex wp-container-core-buttons-is-layout-16018d1d wp-block-buttons-is-layout-flex\">\n<div class=\"wp-block-button\"><a class=\"wp-block-button__link has-text-align-center wp-element-button\" href=\"https:\/\/alnutisiari.voxmail.it\/user\/register\" target=\"_blank\" rel=\"noreferrer noopener\">Clicca per iscriverti !!<\/a><\/div>\n<\/div>\n\n\n\n<div style=\"height:75px\" aria-hidden=\"true\" class=\"wp-block-spacer\"><\/div>\n<\/div><\/div>\n\n\n\n<p><\/p>\n\n\n\n<p>Domenica, di primissimo mattino, alcuni volontari erano gi\u00e0 in piazza Montagnini per gli ultimi preparativi, prima di procedere alla preparazione finale della grande fagiolata che da 52 edizioni delizia i palati di robellesi, trinesi, e di diverse persone che arrivano da fuori per gustare questa delizia culinaria.<\/p>\n\n\n\n<p>Gli Amici Robellesi hanno seguito le dosi ormai consuete: 250 chilogrammi di fagioli, 130 chili di verdure, 230 chili di cotechini, 100 chili di bucon dal previ.<\/p>\n\n\n\n<p><\/p>\n\n\n\n<figure class=\"wp-block-image size-large\"><img loading=\"lazy\" decoding=\"async\" width=\"1024\" height=\"768\" src=\"https:\/\/alnutisiari.it\/wp-content\/uploads\/2026\/02\/immagine-compressa-7-1024x768.jpg\" alt=\"\" class=\"wp-image-17592\" srcset=\"https:\/\/alnutisiari.it\/wp-content\/uploads\/2026\/02\/immagine-compressa-7-1024x768.jpg 1024w, https:\/\/alnutisiari.it\/wp-content\/uploads\/2026\/02\/immagine-compressa-7-300x225.jpg 300w, https:\/\/alnutisiari.it\/wp-content\/uploads\/2026\/02\/immagine-compressa-7-768x576.jpg 768w, https:\/\/alnutisiari.it\/wp-content\/uploads\/2026\/02\/immagine-compressa-7-1536x1152.jpg 1536w, https:\/\/alnutisiari.it\/wp-content\/uploads\/2026\/02\/immagine-compressa-7-2048x1536.jpg 2048w, https:\/\/alnutisiari.it\/wp-content\/uploads\/2026\/02\/immagine-compressa-7-1250x938.jpg 1250w\" sizes=\"auto, (max-width: 1024px) 100vw, 1024px\" \/><\/figure>\n\n\n\n<p><\/p>\n\n\n\n<figure class=\"wp-block-image size-large\"><img loading=\"lazy\" decoding=\"async\" width=\"1024\" height=\"768\" src=\"https:\/\/alnutisiari.it\/wp-content\/uploads\/2026\/02\/immagine-compressa-9-1024x768.jpg\" alt=\"\" class=\"wp-image-17593\" srcset=\"https:\/\/alnutisiari.it\/wp-content\/uploads\/2026\/02\/immagine-compressa-9-1024x768.jpg 1024w, https:\/\/alnutisiari.it\/wp-content\/uploads\/2026\/02\/immagine-compressa-9-300x225.jpg 300w, https:\/\/alnutisiari.it\/wp-content\/uploads\/2026\/02\/immagine-compressa-9-768x576.jpg 768w, https:\/\/alnutisiari.it\/wp-content\/uploads\/2026\/02\/immagine-compressa-9-1536x1152.jpg 1536w, https:\/\/alnutisiari.it\/wp-content\/uploads\/2026\/02\/immagine-compressa-9-2048x1536.jpg 2048w, https:\/\/alnutisiari.it\/wp-content\/uploads\/2026\/02\/immagine-compressa-9-1250x938.jpg 1250w\" sizes=\"auto, (max-width: 1024px) 100vw, 1024px\" \/><\/figure>\n\n\n\n<p><\/p>\n\n\n\n<figure class=\"wp-block-image size-large\"><img loading=\"lazy\" decoding=\"async\" width=\"1024\" height=\"768\" src=\"https:\/\/alnutisiari.it\/wp-content\/uploads\/2026\/02\/immagine-compressa-8-1024x768.jpg\" alt=\"\" class=\"wp-image-17594\" srcset=\"https:\/\/alnutisiari.it\/wp-content\/uploads\/2026\/02\/immagine-compressa-8-1024x768.jpg 1024w, https:\/\/alnutisiari.it\/wp-content\/uploads\/2026\/02\/immagine-compressa-8-300x225.jpg 300w, https:\/\/alnutisiari.it\/wp-content\/uploads\/2026\/02\/immagine-compressa-8-768x576.jpg 768w, https:\/\/alnutisiari.it\/wp-content\/uploads\/2026\/02\/immagine-compressa-8-1536x1152.jpg 1536w, https:\/\/alnutisiari.it\/wp-content\/uploads\/2026\/02\/immagine-compressa-8-2048x1536.jpg 2048w, https:\/\/alnutisiari.it\/wp-content\/uploads\/2026\/02\/immagine-compressa-8-1250x938.jpg 1250w\" sizes=\"auto, (max-width: 1024px) 100vw, 1024px\" \/><\/figure>\n\n\n\n<p><\/p>\n\n\n\n<figure class=\"wp-block-image size-large\"><img loading=\"lazy\" decoding=\"async\" width=\"1024\" height=\"768\" src=\"https:\/\/alnutisiari.it\/wp-content\/uploads\/2026\/02\/immagine-compressa-11-1024x768.jpg\" alt=\"\" class=\"wp-image-17596\" srcset=\"https:\/\/alnutisiari.it\/wp-content\/uploads\/2026\/02\/immagine-compressa-11-1024x768.jpg 1024w, https:\/\/alnutisiari.it\/wp-content\/uploads\/2026\/02\/immagine-compressa-11-300x225.jpg 300w, https:\/\/alnutisiari.it\/wp-content\/uploads\/2026\/02\/immagine-compressa-11-768x576.jpg 768w, https:\/\/alnutisiari.it\/wp-content\/uploads\/2026\/02\/immagine-compressa-11-1536x1152.jpg 1536w, https:\/\/alnutisiari.it\/wp-content\/uploads\/2026\/02\/immagine-compressa-11-2048x1536.jpg 2048w, https:\/\/alnutisiari.it\/wp-content\/uploads\/2026\/02\/immagine-compressa-11-1250x938.jpg 1250w\" sizes=\"auto, (max-width: 1024px) 100vw, 1024px\" \/><\/figure>\n\n\n\n<p><\/p>\n\n\n\n<figure class=\"wp-block-image size-large\"><img loading=\"lazy\" decoding=\"async\" width=\"1024\" height=\"768\" src=\"https:\/\/alnutisiari.it\/wp-content\/uploads\/2026\/02\/immagine-compressa-12-1024x768.jpg\" alt=\"\" class=\"wp-image-17597\" srcset=\"https:\/\/alnutisiari.it\/wp-content\/uploads\/2026\/02\/immagine-compressa-12-1024x768.jpg 1024w, https:\/\/alnutisiari.it\/wp-content\/uploads\/2026\/02\/immagine-compressa-12-300x225.jpg 300w, https:\/\/alnutisiari.it\/wp-content\/uploads\/2026\/02\/immagine-compressa-12-768x576.jpg 768w, https:\/\/alnutisiari.it\/wp-content\/uploads\/2026\/02\/immagine-compressa-12-1536x1152.jpg 1536w, https:\/\/alnutisiari.it\/wp-content\/uploads\/2026\/02\/immagine-compressa-12-2048x1536.jpg 2048w, https:\/\/alnutisiari.it\/wp-content\/uploads\/2026\/02\/immagine-compressa-12-1250x938.jpg 1250w\" sizes=\"auto, (max-width: 1024px) 100vw, 1024px\" \/><\/figure>\n\n\n\n<p><\/p>\n\n\n\n<p>Alle 11 sono giunti in piazza il Capitano Cecolo Broglia e la Bella Castellana, Giuseppe Cannatella e Valentina Bellissimo, con il loro seguito e i rappresentanti dell\u2019associazione Nuovo Carnevale Trinese, in testa il presidente Mauro Tos. La fagiolata \u00e8 uno degli appuntamenti pi\u00f9 attesi del 75\u00b0 Carnevale Storico Trinese, come ogni edizione del carnevale di Trino.<\/p>\n\n\n\n<p><\/p>\n\n\n\n<figure class=\"wp-block-image size-large\"><img loading=\"lazy\" decoding=\"async\" width=\"1024\" height=\"768\" src=\"https:\/\/alnutisiari.it\/wp-content\/uploads\/2026\/02\/immagine-compressa-13-1024x768.jpg\" alt=\"\" class=\"wp-image-17598\" srcset=\"https:\/\/alnutisiari.it\/wp-content\/uploads\/2026\/02\/immagine-compressa-13-1024x768.jpg 1024w, https:\/\/alnutisiari.it\/wp-content\/uploads\/2026\/02\/immagine-compressa-13-300x225.jpg 300w, https:\/\/alnutisiari.it\/wp-content\/uploads\/2026\/02\/immagine-compressa-13-768x576.jpg 768w, https:\/\/alnutisiari.it\/wp-content\/uploads\/2026\/02\/immagine-compressa-13-1536x1152.jpg 1536w, https:\/\/alnutisiari.it\/wp-content\/uploads\/2026\/02\/immagine-compressa-13-2048x1536.jpg 2048w, https:\/\/alnutisiari.it\/wp-content\/uploads\/2026\/02\/immagine-compressa-13-1250x938.jpg 1250w\" sizes=\"auto, (max-width: 1024px) 100vw, 1024px\" \/><\/figure>\n\n\n\n<p><\/p>\n\n\n\n<figure class=\"wp-block-image size-large\"><img loading=\"lazy\" decoding=\"async\" width=\"1024\" height=\"768\" src=\"https:\/\/alnutisiari.it\/wp-content\/uploads\/2026\/02\/immagine-compressa-16-1024x768.jpg\" alt=\"\" class=\"wp-image-17599\" srcset=\"https:\/\/alnutisiari.it\/wp-content\/uploads\/2026\/02\/immagine-compressa-16-1024x768.jpg 1024w, https:\/\/alnutisiari.it\/wp-content\/uploads\/2026\/02\/immagine-compressa-16-300x225.jpg 300w, https:\/\/alnutisiari.it\/wp-content\/uploads\/2026\/02\/immagine-compressa-16-768x576.jpg 768w, https:\/\/alnutisiari.it\/wp-content\/uploads\/2026\/02\/immagine-compressa-16-1536x1152.jpg 1536w, https:\/\/alnutisiari.it\/wp-content\/uploads\/2026\/02\/immagine-compressa-16-2048x1536.jpg 2048w, https:\/\/alnutisiari.it\/wp-content\/uploads\/2026\/02\/immagine-compressa-16-1250x938.jpg 1250w\" sizes=\"auto, (max-width: 1024px) 100vw, 1024px\" \/><\/figure>\n\n\n\n<p><\/p>\n\n\n\n<figure class=\"wp-block-image size-large\"><img loading=\"lazy\" decoding=\"async\" width=\"1024\" height=\"768\" src=\"https:\/\/alnutisiari.it\/wp-content\/uploads\/2026\/02\/immagine-compressa-17-1024x768.jpg\" alt=\"\" class=\"wp-image-17600\" srcset=\"https:\/\/alnutisiari.it\/wp-content\/uploads\/2026\/02\/immagine-compressa-17-1024x768.jpg 1024w, https:\/\/alnutisiari.it\/wp-content\/uploads\/2026\/02\/immagine-compressa-17-300x225.jpg 300w, https:\/\/alnutisiari.it\/wp-content\/uploads\/2026\/02\/immagine-compressa-17-768x576.jpg 768w, https:\/\/alnutisiari.it\/wp-content\/uploads\/2026\/02\/immagine-compressa-17-1536x1152.jpg 1536w, https:\/\/alnutisiari.it\/wp-content\/uploads\/2026\/02\/immagine-compressa-17-2048x1536.jpg 2048w, https:\/\/alnutisiari.it\/wp-content\/uploads\/2026\/02\/immagine-compressa-17-1250x938.jpg 1250w\" sizes=\"auto, (max-width: 1024px) 100vw, 1024px\" \/><\/figure>\n\n\n\n<p><\/p>\n\n\n\n<figure class=\"wp-block-image size-large\"><img loading=\"lazy\" decoding=\"async\" width=\"1024\" height=\"768\" src=\"https:\/\/alnutisiari.it\/wp-content\/uploads\/2026\/02\/immagine-compressa-15-1024x768.jpg\" alt=\"\" class=\"wp-image-17595\" srcset=\"https:\/\/alnutisiari.it\/wp-content\/uploads\/2026\/02\/immagine-compressa-15-1024x768.jpg 1024w, https:\/\/alnutisiari.it\/wp-content\/uploads\/2026\/02\/immagine-compressa-15-300x225.jpg 300w, https:\/\/alnutisiari.it\/wp-content\/uploads\/2026\/02\/immagine-compressa-15-768x576.jpg 768w, https:\/\/alnutisiari.it\/wp-content\/uploads\/2026\/02\/immagine-compressa-15-1536x1152.jpg 1536w, https:\/\/alnutisiari.it\/wp-content\/uploads\/2026\/02\/immagine-compressa-15-2048x1536.jpg 2048w, https:\/\/alnutisiari.it\/wp-content\/uploads\/2026\/02\/immagine-compressa-15-1250x938.jpg 1250w\" sizes=\"auto, (max-width: 1024px) 100vw, 1024px\" \/><\/figure>\n\n\n\n<p><\/p>\n\n\n\n<p>Ad accoglierli i rappresentanti degli Amici Robellesi, del presidente Domenico Giorcelli. Di primo mattino era passato a portare il proprio saluto anche il presidente della Provincia di Vercelli Davide Gilardino. Con il gruppo del carnevale c\u2019erano anche don John Murjithi, che ha poi dato la benedizione ai volontari, ai presenti, e alla fagiolata, e gli amministratori comunali, con il vice sindaco Elisabetta Borgia e gli assessori Roberto Gualino, Alberto Mocca e Teresa Alvino, lei con la fascia tricolore per dare il saluto ufficiale del Comune di Trino alla fagiolata e al carnevale.<\/p>\n\n\n\n<p><\/p>\n\n\n\n<figure class=\"wp-block-image size-large\"><img loading=\"lazy\" decoding=\"async\" width=\"1024\" height=\"768\" src=\"https:\/\/alnutisiari.it\/wp-content\/uploads\/2026\/02\/immagine-compressa-18-1024x768.jpg\" alt=\"\" class=\"wp-image-17601\" srcset=\"https:\/\/alnutisiari.it\/wp-content\/uploads\/2026\/02\/immagine-compressa-18-1024x768.jpg 1024w, https:\/\/alnutisiari.it\/wp-content\/uploads\/2026\/02\/immagine-compressa-18-300x225.jpg 300w, https:\/\/alnutisiari.it\/wp-content\/uploads\/2026\/02\/immagine-compressa-18-768x576.jpg 768w, https:\/\/alnutisiari.it\/wp-content\/uploads\/2026\/02\/immagine-compressa-18-1536x1152.jpg 1536w, https:\/\/alnutisiari.it\/wp-content\/uploads\/2026\/02\/immagine-compressa-18-2048x1536.jpg 2048w, https:\/\/alnutisiari.it\/wp-content\/uploads\/2026\/02\/immagine-compressa-18-1250x938.jpg 1250w\" sizes=\"auto, (max-width: 1024px) 100vw, 1024px\" \/><\/figure>\n\n\n\n<p><\/p>\n\n\n\n<figure class=\"wp-block-image size-large\"><img loading=\"lazy\" decoding=\"async\" width=\"1024\" height=\"768\" src=\"https:\/\/alnutisiari.it\/wp-content\/uploads\/2026\/02\/immagine-compressa-20-1024x768.jpg\" alt=\"\" class=\"wp-image-17602\" srcset=\"https:\/\/alnutisiari.it\/wp-content\/uploads\/2026\/02\/immagine-compressa-20-1024x768.jpg 1024w, https:\/\/alnutisiari.it\/wp-content\/uploads\/2026\/02\/immagine-compressa-20-300x225.jpg 300w, https:\/\/alnutisiari.it\/wp-content\/uploads\/2026\/02\/immagine-compressa-20-768x576.jpg 768w, https:\/\/alnutisiari.it\/wp-content\/uploads\/2026\/02\/immagine-compressa-20-1536x1152.jpg 1536w, https:\/\/alnutisiari.it\/wp-content\/uploads\/2026\/02\/immagine-compressa-20-2048x1536.jpg 2048w, https:\/\/alnutisiari.it\/wp-content\/uploads\/2026\/02\/immagine-compressa-20-1250x938.jpg 1250w\" sizes=\"auto, (max-width: 1024px) 100vw, 1024px\" \/><\/figure>\n\n\n\n<p><\/p>\n\n\n\n<figure class=\"wp-block-image size-large\"><img loading=\"lazy\" decoding=\"async\" width=\"1024\" height=\"768\" src=\"https:\/\/alnutisiari.it\/wp-content\/uploads\/2026\/02\/immagine-compressa-19-1024x768.jpg\" alt=\"\" class=\"wp-image-17603\" srcset=\"https:\/\/alnutisiari.it\/wp-content\/uploads\/2026\/02\/immagine-compressa-19-1024x768.jpg 1024w, https:\/\/alnutisiari.it\/wp-content\/uploads\/2026\/02\/immagine-compressa-19-300x225.jpg 300w, https:\/\/alnutisiari.it\/wp-content\/uploads\/2026\/02\/immagine-compressa-19-768x576.jpg 768w, https:\/\/alnutisiari.it\/wp-content\/uploads\/2026\/02\/immagine-compressa-19-1536x1152.jpg 1536w, https:\/\/alnutisiari.it\/wp-content\/uploads\/2026\/02\/immagine-compressa-19-2048x1536.jpg 2048w, https:\/\/alnutisiari.it\/wp-content\/uploads\/2026\/02\/immagine-compressa-19-1250x938.jpg 1250w\" sizes=\"auto, (max-width: 1024px) 100vw, 1024px\" \/><\/figure>\n\n\n\n<p><\/p>\n\n\n\n<p>C\u2019\u00e8 stato lo scambio di alcuni doni e di targhe e poi si sono aperte le danze, ovvero la distribuzione dei fagioli, dei cotechini e dei bucon dal previ. Tutto delizioso.<\/p>\n\n\n\n<p>All\u2019ingresso campeggiava anche la targa della ghiacciaia di Robella che \u00e8 inserita tra i \u201cLuoghi del cuore del Fai\u201d che aveva raccolto 3698 voti a suo sostegno.<\/p>\n\n\n\n<p><\/p>\n\n\n\n<figure class=\"wp-block-image size-large\"><img loading=\"lazy\" decoding=\"async\" width=\"768\" height=\"1024\" src=\"https:\/\/alnutisiari.it\/wp-content\/uploads\/2026\/02\/immagine-compressa-10-768x1024.jpg\" alt=\"\" class=\"wp-image-17604\" srcset=\"https:\/\/alnutisiari.it\/wp-content\/uploads\/2026\/02\/immagine-compressa-10-768x1024.jpg 768w, https:\/\/alnutisiari.it\/wp-content\/uploads\/2026\/02\/immagine-compressa-10-225x300.jpg 225w, https:\/\/alnutisiari.it\/wp-content\/uploads\/2026\/02\/immagine-compressa-10-1152x1536.jpg 1152w, https:\/\/alnutisiari.it\/wp-content\/uploads\/2026\/02\/immagine-compressa-10-1536x2048.jpg 1536w, https:\/\/alnutisiari.it\/wp-content\/uploads\/2026\/02\/immagine-compressa-10-1250x1667.jpg 1250w, https:\/\/alnutisiari.it\/wp-content\/uploads\/2026\/02\/immagine-compressa-10-scaled.jpg 1920w\" sizes=\"auto, (max-width: 768px) 100vw, 768px\" \/><\/figure>\n\n\n\n<p><\/p>\n\n\n\n<p>Complimenti a iosa, e soprattutto meritati, per i volontari degli Amici Robellesi, il top a Trino.<\/p>\n\n\n\n<p><\/p>\n\n\n\n<figure class=\"wp-block-image size-large\"><img loading=\"lazy\" decoding=\"async\" width=\"1024\" height=\"768\" src=\"https:\/\/alnutisiari.it\/wp-content\/uploads\/2026\/02\/immagine-compressa-22-1-1024x768.jpg\" alt=\"\" class=\"wp-image-17605\" srcset=\"https:\/\/alnutisiari.it\/wp-content\/uploads\/2026\/02\/immagine-compressa-22-1-1024x768.jpg 1024w, https:\/\/alnutisiari.it\/wp-content\/uploads\/2026\/02\/immagine-compressa-22-1-300x225.jpg 300w, https:\/\/alnutisiari.it\/wp-content\/uploads\/2026\/02\/immagine-compressa-22-1-768x576.jpg 768w, https:\/\/alnutisiari.it\/wp-content\/uploads\/2026\/02\/immagine-compressa-22-1-1536x1152.jpg 1536w, https:\/\/alnutisiari.it\/wp-content\/uploads\/2026\/02\/immagine-compressa-22-1-2048x1536.jpg 2048w, https:\/\/alnutisiari.it\/wp-content\/uploads\/2026\/02\/immagine-compressa-22-1-1250x938.jpg 1250w\" sizes=\"auto, (max-width: 1024px) 100vw, 1024px\" \/><\/figure>\n\n\n\n<p><\/p>\n\n\n\n<figure class=\"wp-block-image size-large\"><img loading=\"lazy\" decoding=\"async\" width=\"1024\" height=\"768\" src=\"https:\/\/alnutisiari.it\/wp-content\/uploads\/2026\/02\/immagine-compressa-23-2-1024x768.jpg\" alt=\"\" class=\"wp-image-17608\" srcset=\"https:\/\/alnutisiari.it\/wp-content\/uploads\/2026\/02\/immagine-compressa-23-2-1024x768.jpg 1024w, https:\/\/alnutisiari.it\/wp-content\/uploads\/2026\/02\/immagine-compressa-23-2-300x225.jpg 300w, https:\/\/alnutisiari.it\/wp-content\/uploads\/2026\/02\/immagine-compressa-23-2-768x576.jpg 768w, https:\/\/alnutisiari.it\/wp-content\/uploads\/2026\/02\/immagine-compressa-23-2-1536x1152.jpg 1536w, https:\/\/alnutisiari.it\/wp-content\/uploads\/2026\/02\/immagine-compressa-23-2-2048x1536.jpg 2048w, https:\/\/alnutisiari.it\/wp-content\/uploads\/2026\/02\/immagine-compressa-23-2-1250x938.jpg 1250w\" sizes=\"auto, (max-width: 1024px) 100vw, 1024px\" \/><\/figure>\n","protected":false},"excerpt":{"rendered":"<p>Una fagiolata strepitosa. Come sempre. Quella preparata dagli Amici Robellesi non tradisce mai, \u00e8 la pi\u00f9 attesa del vercellese per la sua bont\u00e0, e la lunga fila di persone ad&#8230;<\/p>\n","protected":false},"author":2,"featured_media":17591,"comment_status":"closed","ping_status":"open","sticky":false,"template":"","format":"standard","meta":{"footnotes":""},"categories":[12,26,17],"tags":[],"class_list":["post-17590","post","type-post","status-publish","format-standard","has-post-thumbnail","hentry","category-trino","category-carnevale-storico-trinese","category-eventi"],"_links":{"self":[{"href":"https:\/\/alnutisiari.it\/index.php\/wp-json\/wp\/v2\/posts\/17590","targetHints":{"allow":["GET"]}}],"collection":[{"href":"https:\/\/alnutisiari.it\/index.php\/wp-json\/wp\/v2\/posts"}],"about":[{"href":"https:\/\/alnutisiari.it\/index.php\/wp-json\/wp\/v2\/types\/post"}],"author":[{"embeddable":true,"href":"https:\/\/alnutisiari.it\/index.php\/wp-json\/wp\/v2\/users\/2"}],"replies":[{"embeddable":true,"href":"https:\/\/alnutisiari.it\/index.php\/wp-json\/wp\/v2\/comments?post=17590"}],"version-history":[{"count":1,"href":"https:\/\/alnutisiari.it\/index.php\/wp-json\/wp\/v2\/posts\/17590\/revisions"}],"predecessor-version":[{"id":17609,"href":"https:\/\/alnutisiari.it\/index.php\/wp-json\/wp\/v2\/posts\/17590\/revisions\/17609"}],"wp:featuredmedia":[{"embeddable":true,"href":"https:\/\/alnutisiari.it\/index.php\/wp-json\/wp\/v2\/media\/17591"}],"wp:attachment":[{"href":"https:\/\/alnutisiari.it\/index.php\/wp-json\/wp\/v2\/media?parent=17590"}],"wp:term":[{"taxonomy":"category","embeddable":true,"href":"https:\/\/alnutisiari.it\/index.php\/wp-json\/wp\/v2\/categories?post=17590"},{"taxonomy":"post_tag","embeddable":true,"href":"https:\/\/alnutisiari.it\/index.php\/wp-json\/wp\/v2\/tags?post=17590"}],"curies":[{"name":"wp","href":"https:\/\/api.w.org\/{rel}","templated":true}]}}