{"id":18224,"date":"2026-04-09T06:54:44","date_gmt":"2026-04-09T06:54:44","guid":{"rendered":"https:\/\/alnutisiari.it\/?p=18224"},"modified":"2026-04-09T06:54:45","modified_gmt":"2026-04-09T06:54:45","slug":"domenica-12-aprile-a-teatro-col-lantarnin-dal-ranate","status":"publish","type":"post","link":"https:\/\/alnutisiari.it\/index.php\/2026\/04\/09\/domenica-12-aprile-a-teatro-col-lantarnin-dal-ranate\/","title":{"rendered":"Domenica 12 aprile a teatro col Lantarnin dal Ranat\u00e8"},"content":{"rendered":"\n<p><\/p>\n\n\n\n<p>Torna in scena domenica 12 aprile alle 16 all\u2019auditorium \u201cFamiglia Tricerri\u201d della scuola media di Trino in via Vittime di Bologna, la commedia \u201cLa banda dei quattro\u201d proposta dalla compagnia teatrale del Lantarnin dal Ranat\u00e8.<\/p>\n\n\n\n<p><\/p>\n\n\n\n<div class=\"wp-block-group has-background\" style=\"background-color:#daf794\"><div class=\"wp-block-group__inner-container is-layout-constrained wp-block-group-is-layout-constrained\">\n<div style=\"height:70px\" aria-hidden=\"true\" class=\"wp-block-spacer\"><\/div>\n\n\n\n<h2 class=\"wp-block-heading has-text-align-center\">Iscriviti alla nostra newsletter<\/h2>\n\n\n\n<h2 class=\"wp-block-heading has-text-align-center\">per rimanere sempre informato<\/h2>\n\n\n\n<div class=\"wp-block-buttons is-content-justification-center is-layout-flex wp-container-core-buttons-is-layout-16018d1d wp-block-buttons-is-layout-flex\">\n<div class=\"wp-block-button\"><a class=\"wp-block-button__link has-text-align-center wp-element-button\" href=\"https:\/\/alnutisiari.voxmail.it\/user\/register\" target=\"_blank\" rel=\"noreferrer noopener\">Clicca per iscriverti !!<\/a><\/div>\n<\/div>\n\n\n\n<div style=\"height:75px\" aria-hidden=\"true\" class=\"wp-block-spacer\"><\/div>\n<\/div><\/div>\n\n\n\n<p><\/p>\n\n\n\n<p>Si tratta di una commedia in due atti di Camillo Vittici, la cui regia e adattamento sono curati da Marco Berrone, che si avvale di Pier Furlan come assistente alla regia e di Anna Carpani e Mario Martuzzi per la scenografia.<\/p>\n\n\n\n<p>Sul palco saliranno Paola Buffa nei panni di Teresa, Elisabetta Primavori in quelli di Natalina, Marco Berrone \u00e8 Dante, Gian Paolo Chiabrera \u00e8 Anselmo, Andrea Aceto \u00e8 Simone, Sebastiana Cellura \u00e8 l\u2019impiegata e Raffaella Berrone \u00e8 la direttrice.<\/p>\n","protected":false},"excerpt":{"rendered":"<p>Torna in scena domenica 12 aprile alle 16 all\u2019auditorium \u201cFamiglia Tricerri\u201d della scuola media di Trino in via Vittime di Bologna, la commedia \u201cLa banda dei quattro\u201d proposta dalla compagnia&#8230;<\/p>\n","protected":false},"author":2,"featured_media":18225,"comment_status":"closed","ping_status":"open","sticky":false,"template":"","format":"standard","meta":{"footnotes":""},"categories":[12,17],"tags":[],"class_list":["post-18224","post","type-post","status-publish","format-standard","has-post-thumbnail","hentry","category-trino","category-eventi"],"_links":{"self":[{"href":"https:\/\/alnutisiari.it\/index.php\/wp-json\/wp\/v2\/posts\/18224","targetHints":{"allow":["GET"]}}],"collection":[{"href":"https:\/\/alnutisiari.it\/index.php\/wp-json\/wp\/v2\/posts"}],"about":[{"href":"https:\/\/alnutisiari.it\/index.php\/wp-json\/wp\/v2\/types\/post"}],"author":[{"embeddable":true,"href":"https:\/\/alnutisiari.it\/index.php\/wp-json\/wp\/v2\/users\/2"}],"replies":[{"embeddable":true,"href":"https:\/\/alnutisiari.it\/index.php\/wp-json\/wp\/v2\/comments?post=18224"}],"version-history":[{"count":1,"href":"https:\/\/alnutisiari.it\/index.php\/wp-json\/wp\/v2\/posts\/18224\/revisions"}],"predecessor-version":[{"id":18226,"href":"https:\/\/alnutisiari.it\/index.php\/wp-json\/wp\/v2\/posts\/18224\/revisions\/18226"}],"wp:featuredmedia":[{"embeddable":true,"href":"https:\/\/alnutisiari.it\/index.php\/wp-json\/wp\/v2\/media\/18225"}],"wp:attachment":[{"href":"https:\/\/alnutisiari.it\/index.php\/wp-json\/wp\/v2\/media?parent=18224"}],"wp:term":[{"taxonomy":"category","embeddable":true,"href":"https:\/\/alnutisiari.it\/index.php\/wp-json\/wp\/v2\/categories?post=18224"},{"taxonomy":"post_tag","embeddable":true,"href":"https:\/\/alnutisiari.it\/index.php\/wp-json\/wp\/v2\/tags?post=18224"}],"curies":[{"name":"wp","href":"https:\/\/api.w.org\/{rel}","templated":true}]}}