{"id":1823,"date":"2025-09-23T10:45:28","date_gmt":"2025-09-23T10:45:28","guid":{"rendered":"https:\/\/alnutisiari.it\/?p=1823"},"modified":"2025-09-23T10:45:29","modified_gmt":"2025-09-23T10:45:29","slug":"i-numeri-degli-internati-militari-italiani-nellincontro-con-anpi","status":"publish","type":"post","link":"https:\/\/alnutisiari.it\/index.php\/2025\/09\/23\/i-numeri-degli-internati-militari-italiani-nellincontro-con-anpi\/","title":{"rendered":"I numeri degli Internati Militari Italiani nell&#8217;incontro con Anpi"},"content":{"rendered":"\n<p>Buona affluenza di pubblico per l\u2019incontro organizzato dalla sezione dell\u2019Anpi di Trino col Comune di Trino sul tema de \u201cL\u2019altra Resistenza: gli internati militari italiani nella seconda guerra mondiale\u201d in occasione della \u201cGiornata degli internati militari italiani\u201d.<\/p>\n\n\n\n<div class=\"wp-block-group has-background\" style=\"background-color:#daf794\"><div class=\"wp-block-group__inner-container is-layout-constrained wp-block-group-is-layout-constrained\">\n<div style=\"height:70px\" aria-hidden=\"true\" class=\"wp-block-spacer\"><\/div>\n\n\n\n<h2 class=\"wp-block-heading has-text-align-center\">Iscriviti alla nostra newsletter<\/h2>\n\n\n\n<h2 class=\"wp-block-heading has-text-align-center\">per rimanere sempre informato<\/h2>\n\n\n\n<div class=\"wp-block-buttons is-content-justification-center is-layout-flex wp-container-core-buttons-is-layout-16018d1d wp-block-buttons-is-layout-flex\">\n<div class=\"wp-block-button\"><a class=\"wp-block-button__link has-text-align-center wp-element-button\" href=\"https:\/\/alnutisiari.voxmail.it\/user\/register\" target=\"_blank\" rel=\"noreferrer noopener\">Clicca per iscriverti !!<\/a><\/div>\n<\/div>\n\n\n\n<div style=\"height:75px\" aria-hidden=\"true\" class=\"wp-block-spacer\"><\/div>\n<\/div><\/div>\n\n\n\n<p>Ad aprire l\u2019incontro \u00e8 stato il presidente dell\u2019Anpi Pier Franco Irico che ha ricordato come \u201csi tratta dell\u2019ultimo appuntamento del fitto calendario per gli 80 anni della Liberazione. Resta poi il momento classico del corte del 4 novembre. Il tema degli internati \u00e8 arrivato un po\u2019 tardi rispetto agli altri e riguarda pi\u00f9 di 600.000 militari italiani che scelsero di non aderire al nuovo fascismo della Repubblica Sociale Italiana di Sal\u00f2 e furono cos\u00ec mandati nei campi di concentramento. C\u2019era una differenza: c\u2019erano i prigionieri di guerra e loro, gli internati\u201d.<\/p>\n\n\n\n<p>Enrico Pagano, direttore dell&#8217;Istituto della Resistenza di Varallo, ha spiegato cosa successe a questi militari che dopo l&#8217;8 settembre 1943 si rifiutarono di collaborare con la Germania nazista e la repubblica sociale fascista, e furono quindi deportati nei campi di concentramento tedeschi. Rifiuto che fu interpretato come il primo segnale di &#8220;un&#8217;altra Resistenza&#8221;.<\/p>\n\n\n\n<p>\u201cE\u2019 stato istituito di recente il giorno della memoria degli internati militari italiani ed \u00e8 stata scelta la data del 20 settembre perch\u00e9 \u00e8 quella in cui Hitler decise di declassare quei soldati da prigionieri di guerra ad internati militari col proposito di recuperarli per l\u2019esercito della Repubblica Sociale o per la Wehtmacht o le Ss (Schutzstaffel). Da potenziali soldati, questi militari italiani si trovarono di fronte a una realt\u00e0 diversa e circa 600.000 di loro si rifiutarono questa adesione e restarono in prigionia. Ma con quali tutele? Essendo diventati internati, non avevano pi\u00f9 delle convenzioni internazionali, non potevano ricevere l\u2019intervento della Croce Rossa, erano quindi in un limbo senza diritti\u201d.<\/p>\n\n\n\n<p>Pagano ha snocciolato un po\u2019 di numeri tratti dal volume di Marco Palmieri: \u201cI tedeschi disarmarono e catturarono 1.007.000 militari italiani, su un totale approssimativo di circa 2.000.000 effettivamente sotto le armi. Di questi, 196.000 scamparono alla deportazione dandosi alla fuga o grazie agli accordi presi al momento della capitolazione di Roma. Dei rimanenti 810.000 circa, di cui 58.000 catturati in Francia, 321.000 in Italia e 430.000 nei Balcani, oltre 13.000 persero la vita a causa di azioni di siluramento inglesi durante il trasporto dalle isole greche alla terraferma. Altri 94.000, tra cui la quasi totalit\u00e0 delle Camicie Nere della Milizia Volontaria per la Sicurezza Nazionale, decisero immediatamente di accettare l\u2019offerta di passare con i tedeschi. Al netto delle vittime, dei fuggiaschi e degli aderenti della prima ora, nei campi di concentramento tedeschi vennero dunque deportati circa 710.000 militari italiani con lo status di internati militari italiani e 20.000 con quello di prigionieri di guerra. Entro la primavera del 1944, altri 103.000 si dichiararono disponibili a prestare servizio per la Germania o la Repubblica Sociale Italiana, come combattenti o come ausiliari lavoratori. In totale, quindi 600.000 militari rifiutarono di continuare la guerra al fianco dei tedeschi. Non \u00e8 stato stabilito ufficialmente il numero degli internati deceduti durante la prigionia. Gli studi stimano cifre che oscillano tra 37.000 e 50.000. Fra le cause dei decessi vi furono: la durezza e pericolosit\u00e0 del lavoro coatto nei&nbsp;<a href=\"https:\/\/it.wikipedia.org\/wiki\/Lager\" target=\"_blank\" rel=\"noopener\">lager<\/a>&nbsp; con circa 10.000 deceduti, le malattie e la malnutrizione, specialmente negli ultimi mesi di guerra con circa 23.000 deceduti, le esecuzioni capitali all&#8217;interno dei campi per circa 4.600 internati, i bombardamenti alleati sulle installazioni dove gli internati lavoravano e sulle citt\u00e0 dove prestavano servizio antincendio per 2.700 persone, e altri 5-7.000 perirono sul fronte orientale\u201d.<\/p>\n","protected":false},"excerpt":{"rendered":"<p>Buona affluenza di pubblico per l\u2019incontro organizzato dalla sezione dell\u2019Anpi di Trino col Comune di Trino sul tema de \u201cL\u2019altra Resistenza: gli internati militari italiani nella seconda guerra mondiale\u201d in&#8230;<\/p>\n","protected":false},"author":2,"featured_media":1824,"comment_status":"closed","ping_status":"open","sticky":false,"template":"","format":"standard","meta":{"footnotes":""},"categories":[27,12],"tags":[],"class_list":["post-1823","post","type-post","status-publish","format-standard","has-post-thumbnail","hentry","category-anpi","category-trino"],"_links":{"self":[{"href":"https:\/\/alnutisiari.it\/index.php\/wp-json\/wp\/v2\/posts\/1823","targetHints":{"allow":["GET"]}}],"collection":[{"href":"https:\/\/alnutisiari.it\/index.php\/wp-json\/wp\/v2\/posts"}],"about":[{"href":"https:\/\/alnutisiari.it\/index.php\/wp-json\/wp\/v2\/types\/post"}],"author":[{"embeddable":true,"href":"https:\/\/alnutisiari.it\/index.php\/wp-json\/wp\/v2\/users\/2"}],"replies":[{"embeddable":true,"href":"https:\/\/alnutisiari.it\/index.php\/wp-json\/wp\/v2\/comments?post=1823"}],"version-history":[{"count":1,"href":"https:\/\/alnutisiari.it\/index.php\/wp-json\/wp\/v2\/posts\/1823\/revisions"}],"predecessor-version":[{"id":1825,"href":"https:\/\/alnutisiari.it\/index.php\/wp-json\/wp\/v2\/posts\/1823\/revisions\/1825"}],"wp:featuredmedia":[{"embeddable":true,"href":"https:\/\/alnutisiari.it\/index.php\/wp-json\/wp\/v2\/media\/1824"}],"wp:attachment":[{"href":"https:\/\/alnutisiari.it\/index.php\/wp-json\/wp\/v2\/media?parent=1823"}],"wp:term":[{"taxonomy":"category","embeddable":true,"href":"https:\/\/alnutisiari.it\/index.php\/wp-json\/wp\/v2\/categories?post=1823"},{"taxonomy":"post_tag","embeddable":true,"href":"https:\/\/alnutisiari.it\/index.php\/wp-json\/wp\/v2\/tags?post=1823"}],"curies":[{"name":"wp","href":"https:\/\/api.w.org\/{rel}","templated":true}]}}