{"id":1863,"date":"2025-09-26T06:29:05","date_gmt":"2025-09-26T06:29:05","guid":{"rendered":"https:\/\/alnutisiari.it\/?p=1863"},"modified":"2025-09-26T12:12:33","modified_gmt":"2025-09-26T12:12:33","slug":"regolamenti-per-mercatini-e-stalli-rosa-in-consiglio-comunale","status":"publish","type":"post","link":"https:\/\/alnutisiari.it\/index.php\/2025\/09\/26\/regolamenti-per-mercatini-e-stalli-rosa-in-consiglio-comunale\/","title":{"rendered":"Regolamenti per mercatini e stalli rosa in Consiglio comunale"},"content":{"rendered":"\n<p>Si \u00e8 svolta gioved\u00ec pomeriggio la seduta del Consiglio comunale che aveva in programma diverse sostituzioni nelle varie commissioni e due regolamenti.<\/p>\n\n\n\n<div class=\"wp-block-group has-background\" style=\"background-color:#daf794\"><div class=\"wp-block-group__inner-container is-layout-constrained wp-block-group-is-layout-constrained\">\n<div style=\"height:70px\" aria-hidden=\"true\" class=\"wp-block-spacer\"><\/div>\n\n\n\n<h2 class=\"wp-block-heading has-text-align-center\">Iscriviti alla nostra newsletter<\/h2>\n\n\n\n<h2 class=\"wp-block-heading has-text-align-center\">per rimanere sempre informato<\/h2>\n\n\n\n<div class=\"wp-block-buttons is-content-justification-center is-layout-flex wp-container-core-buttons-is-layout-16018d1d wp-block-buttons-is-layout-flex\">\n<div class=\"wp-block-button\"><a class=\"wp-block-button__link has-text-align-center wp-element-button\" href=\"https:\/\/alnutisiari.voxmail.it\/user\/register\" target=\"_blank\" rel=\"noreferrer noopener\">Clicca per iscriverti !!<\/a><\/div>\n<\/div>\n\n\n\n<div style=\"height:75px\" aria-hidden=\"true\" class=\"wp-block-spacer\"><\/div>\n<\/div><\/div>\n\n\n\n<p>Manuel Leccese \u00e8 subentrato ufficialmente a Patrizia Ferrarotti nel gruppo di minoranza in Consiglio Comunale.<\/p>\n\n\n\n<p>Sono poi stati eletti e nominati nuovi membri in varie commissioni: Elisa Demichelis \u00e8 nuovo membro supplente della commissione elettorale; Manuel Leccese e Elisa Demichelis subentrano nella commissione consiliare permanente ai lavori pubblici, territorio, ambiente, urbanistica, cultura, sport e istruzione; Maria Teresa Alvino e Elisa Demichelis subentrano nella commissione comunale per la formazione degli elenchi dei giudici popolari; Marco Bianco \u00e8 il nuovo membro verr\u00e0 della commissione consiliare permanente al bilancio, tributi, personale e attivit\u00e0 economiche, affari generali e socio-assistenziale. Nella Cumulativa Amministrazione della Partecipanza dei Boschi di Trino subentra Alessandro Demichelis che entra anche nella commissione comunale speciale sul processo di disattivazione della centrale nucleare &#8220;Enrico Fermi&#8221;.<\/p>\n\n\n\n<p>Approvato all\u2019unanimit\u00e0 il regolamento per lo svolgimento dell&#8217;attivit\u00e0 di vendita occasionale nei mercatini aventi quale specializzazione il collezionismo, l&#8217;usato, l&#8217;antiquariato e l&#8217;oggettistica varia. Ad illustrarlo l\u2019assessore Roberto Gualino: \u201cI mercatini degli hobbisti sono sempre pi\u00f9 richiesti ed era giusto dotarsi di un regolamento in modo che siano sotto controllo, per non avere una concorrenza scorretta e perch\u00e9 non venga proposta merce pericolosa. Ringrazio la Polizia municipale per la stesura del regolamento\u201d.<\/p>\n\n\n\n<figure class=\"wp-block-image size-large\"><img loading=\"lazy\" decoding=\"async\" width=\"1024\" height=\"768\" src=\"https:\/\/alnutisiari.it\/wp-content\/uploads\/2025\/09\/immagine-compressa-12-1024x768.jpg\" alt=\"\" class=\"wp-image-1865\" srcset=\"https:\/\/alnutisiari.it\/wp-content\/uploads\/2025\/09\/immagine-compressa-12-1024x768.jpg 1024w, https:\/\/alnutisiari.it\/wp-content\/uploads\/2025\/09\/immagine-compressa-12-300x225.jpg 300w, https:\/\/alnutisiari.it\/wp-content\/uploads\/2025\/09\/immagine-compressa-12-768x576.jpg 768w, https:\/\/alnutisiari.it\/wp-content\/uploads\/2025\/09\/immagine-compressa-12-1536x1152.jpg 1536w, https:\/\/alnutisiari.it\/wp-content\/uploads\/2025\/09\/immagine-compressa-12-2048x1536.jpg 2048w, https:\/\/alnutisiari.it\/wp-content\/uploads\/2025\/09\/immagine-compressa-12-1250x938.jpg 1250w\" sizes=\"auto, (max-width: 1024px) 100vw, 1024px\" \/><\/figure>\n\n\n\n<p>Il consigliere Alessandro Demichelis ha detto che \u201capprezziamo questo regolamento di cui si dota il Comune di Trino su queste iniziative che hanno preso piede e abbinabili ad altri eventi per ravvivare la citt\u00e0. Ho una proposta: \u00e8 possibile prevedere un modello on-line per gli hobbisti?\u201d. Gualino ha risposto che \u201c\u00e8 complicato perch\u00e9 tanti hobbisti hanno gi\u00e0 un inventario pre stampato perch\u00e9 tanti hanno fino ad un migliaio di articoli\u201d. Il sindaco Daniele Pane ha aggiunto che \u201cabbiamo diverse richieste per realizzare questi mercatini e a breve ci sar\u00e0 una delibera di giunta per stabilire anche la ricorrenza degli stessi. Cercheremo anche di agevolare inizialmente gli hobbisti per incentivare il mercatino di Trino\u201d. Leccese ha proposto \u201cdi inserire anche i musicisti di strada insieme ai mercatini\u201d, e Gualino ha risposto che \u201csi tratta di un\u2019ottima idea e invito Leccese a darci una mano in merito\u201d.<\/p>\n\n\n\n<p>Rinviato il punto dell\u2019approvazione delle modifiche statutarie dell\u2019Atap.<\/p>\n\n\n\n<p>Approvato anche il regolamento per la disciplina della sosta negli stalli \u201crosa\u201d, per i veicoli adibiti al servizio delle donne in stato di gravidanza o di genitori con un minore di et\u00e0 non superiore a due anni: \u201cIn linea con la filosofia del Peba approvato da tutti noi, ora approviamo il regolamento per gli stalli \u201crosa\u201d e ne sono gi\u00e0 stati realizzati due, uno in piazza Garibaldi e uno davanti alle scuole elementari -ha detto Gualino-. L\u2019idea \u00e8 di aggiungerne due nel parcheggio dell\u2019Asl in piazza 29 maggio 1898\u201d. Alessandro Demichelis \u00e8 intervenuto affermando che \u201cl\u2019iniziativa \u00e8 apprezzabile, \u00e8 da verificare se ci sono esigenze maggiori, anche se Trino non ha criticit\u00e0 di parcheggi. Si tratta di un\u2019opportunit\u00e0 prevista dal codice della strada, non \u00e8 un\u2019iniziativa comunale, e mi sento di fare una proposta. Farei una comunicazione mirata ai neo genitori all\u2019anagrafe e con materiale informativo nei consultori, dai pediatri e dove si vendono prodotti per l\u2019infanzia\u201d. Pane ha risposto che \u201cverr\u00e0 data ampia diffusione degli stalli rosa sui canali del Comune di Trino e per ottenere il diritto all\u2019utilizzo di questi stalli va fatta richiesta in Comune, che \u00e8 valida fino ai due anni del bambino\u201d. Giorgio Balocco ha sottolineato che \u201csar\u00e0 da verificare la modalit\u00e0 di restituzione delle tessere rosa al compimento dei due anni del bambino\u201d.<\/p>\n","protected":false},"excerpt":{"rendered":"<p>Si \u00e8 svolta gioved\u00ec pomeriggio la seduta del Consiglio comunale che aveva in programma diverse sostituzioni nelle varie commissioni e due regolamenti. Manuel Leccese \u00e8 subentrato ufficialmente a Patrizia Ferrarotti&#8230;<\/p>\n","protected":false},"author":2,"featured_media":1866,"comment_status":"closed","ping_status":"open","sticky":false,"template":"","format":"standard","meta":{"footnotes":""},"categories":[15,12],"tags":[],"class_list":["post-1863","post","type-post","status-publish","format-standard","has-post-thumbnail","hentry","category-cronaca","category-trino"],"_links":{"self":[{"href":"https:\/\/alnutisiari.it\/index.php\/wp-json\/wp\/v2\/posts\/1863","targetHints":{"allow":["GET"]}}],"collection":[{"href":"https:\/\/alnutisiari.it\/index.php\/wp-json\/wp\/v2\/posts"}],"about":[{"href":"https:\/\/alnutisiari.it\/index.php\/wp-json\/wp\/v2\/types\/post"}],"author":[{"embeddable":true,"href":"https:\/\/alnutisiari.it\/index.php\/wp-json\/wp\/v2\/users\/2"}],"replies":[{"embeddable":true,"href":"https:\/\/alnutisiari.it\/index.php\/wp-json\/wp\/v2\/comments?post=1863"}],"version-history":[{"count":2,"href":"https:\/\/alnutisiari.it\/index.php\/wp-json\/wp\/v2\/posts\/1863\/revisions"}],"predecessor-version":[{"id":1871,"href":"https:\/\/alnutisiari.it\/index.php\/wp-json\/wp\/v2\/posts\/1863\/revisions\/1871"}],"wp:featuredmedia":[{"embeddable":true,"href":"https:\/\/alnutisiari.it\/index.php\/wp-json\/wp\/v2\/media\/1866"}],"wp:attachment":[{"href":"https:\/\/alnutisiari.it\/index.php\/wp-json\/wp\/v2\/media?parent=1863"}],"wp:term":[{"taxonomy":"category","embeddable":true,"href":"https:\/\/alnutisiari.it\/index.php\/wp-json\/wp\/v2\/categories?post=1863"},{"taxonomy":"post_tag","embeddable":true,"href":"https:\/\/alnutisiari.it\/index.php\/wp-json\/wp\/v2\/tags?post=1863"}],"curies":[{"name":"wp","href":"https:\/\/api.w.org\/{rel}","templated":true}]}}