{"id":2711,"date":"2025-12-04T10:53:27","date_gmt":"2025-12-04T10:53:27","guid":{"rendered":"https:\/\/alnutisiari.it\/?p=2711"},"modified":"2025-12-04T10:54:36","modified_gmt":"2025-12-04T10:54:36","slug":"giustizia-per-valerio-miceli-e-perche-non-succeda-piu-ad-altri","status":"publish","type":"post","link":"https:\/\/alnutisiari.it\/index.php\/2025\/12\/04\/giustizia-per-valerio-miceli-e-perche-non-succeda-piu-ad-altri\/","title":{"rendered":"Giustizia per Valerio Miceli e perch\u00e9 non succeda pi\u00f9 ad altri"},"content":{"rendered":"\n<p>\u201cVogliamo giustizia per Valerio. Lui purtroppo non torner\u00e0 indietro, ma vogliamo che sia fatta giustizia per lui e che non possa pi\u00f9 succedere una situazione del genere ad altre persone\u201d. Angelo Miceli e Liliana Cosentino sono i genitori di Valerio Miceli, il ragazzo di 30 anni che ha vissuto per tanti anni a Trino e che era residente da qualche anno a Palazzolo Vercellese con la sua famiglia. Valerio, nato il 3 febbraio del 1994, dopo che il 19 giugno 2024 era scappato dall\u2019ambulanza che si era recata a prelevarlo dalla residenza per ragazzi con problemi psichici a Frassineto Po, \u00e8 stato ritrovato senza vita il 22 giugno in una stradina secondaria a fianco della provinciale da Frassineto Po a Casale Monferrato, all\u2019altezza dell\u2019autostrada.<\/p>\n\n\n\n<div class=\"wp-block-group has-background\" style=\"background-color:#daf794\"><div class=\"wp-block-group__inner-container is-layout-constrained wp-block-group-is-layout-constrained\">\n<div style=\"height:70px\" aria-hidden=\"true\" class=\"wp-block-spacer\"><\/div>\n\n\n\n<h2 class=\"wp-block-heading has-text-align-center\">Iscriviti alla nostra newsletter<\/h2>\n\n\n\n<h2 class=\"wp-block-heading has-text-align-center\">per rimanere sempre informato<\/h2>\n\n\n\n<div class=\"wp-block-buttons is-content-justification-center is-layout-flex wp-container-core-buttons-is-layout-16018d1d wp-block-buttons-is-layout-flex\">\n<div class=\"wp-block-button\"><a class=\"wp-block-button__link has-text-align-center wp-element-button\" href=\"https:\/\/alnutisiari.voxmail.it\/user\/register\" target=\"_blank\" rel=\"noreferrer noopener\">Clicca per iscriverti !!<\/a><\/div>\n<\/div>\n\n\n\n<div style=\"height:75px\" aria-hidden=\"true\" class=\"wp-block-spacer\"><\/div>\n<\/div><\/div>\n\n\n\n<p>Ora \u00e8 in corso il procedimento giudiziario al Tribunale di Vercelli. La Procura vercellese ha chiesto il rinvio a giudizio per dieci persone: il medico che dimise Valerio Miceli nei giorni precedenti alla fuga e a cui vengono contestate le dosi della terapia farmacologica stabilita per il ragazzo; il coordinatore educativo dell\u2019appartamento in cui viveva Valerio e che lo insegu\u00ec per un breve tratto per poi non continuare; l\u2019equipaggio della prima ambulanza a cui viene contestato di aver lasciato allontanare Miceli; gli operatori del 118 che avevano mandato sul posto un\u2019ambulanza non medicalizzata, quindi una base, e poi comunicarono che non spettava all\u2019equipaggio della seconda ambulanza, inviata sul posto, cercare il ragazzo; i membri della seconda ambulanza inviata sul posto.<\/p>\n\n\n\n<p>Secondo le accuse, tutti questi fattori e comportamenti avrebbero portato Miceli a restare solo e senza cure, arrivando poi al decesso in seguito alla fuga.<\/p>\n\n\n\n<p>Per i dieci imputati l\u2019accusa \u00e8 di cooperazione in omicidio colposo e secondo l\u2019impianto d\u2019accusa la condotta negligente di tutti gli imputati avrebbe portato alla morte di Miceli.<\/p>\n\n\n\n<p>Sulla vicenda giudiziaria i genitori di Valerio affermano: \u201cNon parte da una nostra richiesta, \u00e8 nata per opera del magistrato e noi ci siamo affidati a due avvocati\u201d. Si tratta dell\u2019avvocato Enrico Teglia per Liliana Cosentino e dell\u2019avvocato Patrizio Cavallone per Angelo Miceli. Il pap\u00e0 e la mamma di Valerio si sono costituiti parte civile. All\u2019udienza preliminare del 25 novembre un difensore degli imputati ha chiesto al giudice Luca Dall\u2019Osta di effettuare nuove perizie dopo quelle prodotte dalla procura. E\u2019 stata cos\u00ec rinviata l\u2019udienza e il prossimo appuntamento \u00e8 per il 9 dicembre.<\/p>\n\n\n\n<p>Angelo e Liliana spiegano: \u201cA noi interessa che sia fatta giustizia per Valerio perch\u00e9 riteniamo sia stato vittima di una morte ingiusta. Parteciperemo a ogni udienza con lo striscione e le magliette col volto di Valerio\u201d.<\/p>\n\n\n\n<figure class=\"wp-block-image size-large\"><img loading=\"lazy\" decoding=\"async\" width=\"731\" height=\"1024\" src=\"https:\/\/alnutisiari.it\/wp-content\/uploads\/2025\/12\/IMG-20251129-WA0006-731x1024.jpg\" alt=\"\" class=\"wp-image-2712\" srcset=\"https:\/\/alnutisiari.it\/wp-content\/uploads\/2025\/12\/IMG-20251129-WA0006-731x1024.jpg 731w, https:\/\/alnutisiari.it\/wp-content\/uploads\/2025\/12\/IMG-20251129-WA0006-214x300.jpg 214w, https:\/\/alnutisiari.it\/wp-content\/uploads\/2025\/12\/IMG-20251129-WA0006-768x1076.jpg 768w, https:\/\/alnutisiari.it\/wp-content\/uploads\/2025\/12\/IMG-20251129-WA0006.jpg 904w\" sizes=\"auto, (max-width: 731px) 100vw, 731px\" \/><\/figure>\n\n\n\n<p>Facciamo quindi un passo indietro: di cosa soffriva Valerio?<\/p>\n\n\n\n<p>\u201cEra affetto da schizofrenia paranoica ossessiva\u201d.<\/p>\n\n\n\n<p>Quale \u00e8 stato il suo percorso?<\/p>\n\n\n\n<p>\u201cE\u2019 stato per oltre sette anni e mezzo nella comunit\u00e0 psichiatrica Il Tiglio di Acqui Terme, poi nel gruppo appartamenti della residenza psichiatrica di Frassineto Po -spiega mamma Liliana-. Valerio conosceva bene il percorso che doveva seguire, prima in comunit\u00e0 e poi in questa struttura, lui aveva la prospettiva di tornare a casa, anche se sappiamo che sarebbe stato difficile che fosse avvenuto davvero. Comunque, dopo gli anni nella comunit\u00e0 di Acqui Terme ha chiesto di proseguire il percorso nella struttura di Frassineto, e si \u00e8 sempre comportato bene. Ha iniziato a non stare bene nel marzo 2024 e quando stava male era lui il primo a chiedere l\u2019intervento dell\u2019ambulanza per farsi portare in ospedale e, arrivato l\u00ec, si tranquillizzava, tanto che poi era lui a dirci di stare tranquilli che a quel punto stava meglio. Un mese prima dei fatti di giugno 2024 \u00e8 di nuovo stato male ed \u00e8 stato circa un mese in ospedale. Sarebbe dovuto andare in un\u2019altra struttura, ma nel frattempo \u00e8 tornato in quella di Frassineto. Il luned\u00ec, due giorni prima della sua fuga dall\u2019ambulanza, era in struttura, poi il mercoled\u00ec \u00e8 stato di nuovo male e ha richiesto l\u2019ambulanza, come sempre, chiamata dall\u2019operatore della struttura tramite la centrale\u201d.<\/p>\n\n\n\n<figure class=\"wp-block-image size-large\"><img loading=\"lazy\" decoding=\"async\" width=\"666\" height=\"1024\" src=\"https:\/\/alnutisiari.it\/wp-content\/uploads\/2025\/12\/IMG-20251204-WA0000-666x1024.jpg\" alt=\"\" class=\"wp-image-2715\" srcset=\"https:\/\/alnutisiari.it\/wp-content\/uploads\/2025\/12\/IMG-20251204-WA0000-666x1024.jpg 666w, https:\/\/alnutisiari.it\/wp-content\/uploads\/2025\/12\/IMG-20251204-WA0000-195x300.jpg 195w, https:\/\/alnutisiari.it\/wp-content\/uploads\/2025\/12\/IMG-20251204-WA0000-768x1180.jpg 768w, https:\/\/alnutisiari.it\/wp-content\/uploads\/2025\/12\/IMG-20251204-WA0000.jpg 903w\" sizes=\"auto, (max-width: 666px) 100vw, 666px\" \/><\/figure>\n\n\n\n<p>Quali sono stati i fatti a quel punto?<\/p>\n\n\n\n<p>\u201cValerio \u00e8 stato caricato sull\u2019ambulanza, poi per\u00f2 \u00e8 scappato -afferma pap\u00e0 Angelo-. Ci hanno avvisati della sua fuga e siamo subito accorsi a Frassineto e con noi sono intervenuti tanti amici di Trino e della zona per iniziare le ricerche di Valerio. Su Facebook era stato segnalato che lo stavamo cercando, ci sono arrivate diverse segnalazioni, sono intervenuti soccorsi da tutto il Piemonte, con elicottero, droni, cani da ricerca, protezione civile. Senza successo. Le ricerche sono proseguite mercoled\u00ec, gioved\u00ec e venerd\u00ec, fino al ritrovamento del sabato mattina in questa stradina che non si nota, \u00e8 in una posizione particolare per cui se non ci passi fatichi a vederla. Eravamo gi\u00e0 passati l\u00ec vicino, senza notarlo. E\u2019 stato ritrovato senza vita dalla Protezione civile di Frassineto Po. Valerio aveva percorso, verosimilmente di corsa, 3 chilometri e mezzo dal luogo della fuga a quello del decesso, che, come ha detto l\u2019autopsia, \u00e8 avvenuto per insufficienza cardiorespiratoria\u201d.<\/p>\n","protected":false},"excerpt":{"rendered":"<p>\u201cVogliamo giustizia per Valerio. Lui purtroppo non torner\u00e0 indietro, ma vogliamo che sia fatta giustizia per lui e che non possa pi\u00f9 succedere una situazione del genere ad altre persone\u201d&#8230;.<\/p>\n","protected":false},"author":2,"featured_media":2713,"comment_status":"closed","ping_status":"open","sticky":false,"template":"","format":"standard","meta":{"footnotes":""},"categories":[15,12],"tags":[],"class_list":["post-2711","post","type-post","status-publish","format-standard","has-post-thumbnail","hentry","category-cronaca","category-trino"],"_links":{"self":[{"href":"https:\/\/alnutisiari.it\/index.php\/wp-json\/wp\/v2\/posts\/2711","targetHints":{"allow":["GET"]}}],"collection":[{"href":"https:\/\/alnutisiari.it\/index.php\/wp-json\/wp\/v2\/posts"}],"about":[{"href":"https:\/\/alnutisiari.it\/index.php\/wp-json\/wp\/v2\/types\/post"}],"author":[{"embeddable":true,"href":"https:\/\/alnutisiari.it\/index.php\/wp-json\/wp\/v2\/users\/2"}],"replies":[{"embeddable":true,"href":"https:\/\/alnutisiari.it\/index.php\/wp-json\/wp\/v2\/comments?post=2711"}],"version-history":[{"count":2,"href":"https:\/\/alnutisiari.it\/index.php\/wp-json\/wp\/v2\/posts\/2711\/revisions"}],"predecessor-version":[{"id":2717,"href":"https:\/\/alnutisiari.it\/index.php\/wp-json\/wp\/v2\/posts\/2711\/revisions\/2717"}],"wp:featuredmedia":[{"embeddable":true,"href":"https:\/\/alnutisiari.it\/index.php\/wp-json\/wp\/v2\/media\/2713"}],"wp:attachment":[{"href":"https:\/\/alnutisiari.it\/index.php\/wp-json\/wp\/v2\/media?parent=2711"}],"wp:term":[{"taxonomy":"category","embeddable":true,"href":"https:\/\/alnutisiari.it\/index.php\/wp-json\/wp\/v2\/categories?post=2711"},{"taxonomy":"post_tag","embeddable":true,"href":"https:\/\/alnutisiari.it\/index.php\/wp-json\/wp\/v2\/tags?post=2711"}],"curies":[{"name":"wp","href":"https:\/\/api.w.org\/{rel}","templated":true}]}}