{"id":2795,"date":"2025-12-14T08:29:18","date_gmt":"2025-12-14T08:29:18","guid":{"rendered":"https:\/\/alnutisiari.it\/?p=2795"},"modified":"2025-12-14T08:29:19","modified_gmt":"2025-12-14T08:29:19","slug":"si-ferma-la-striscia-positiva-del-volley-crescentino","status":"publish","type":"post","link":"https:\/\/alnutisiari.it\/index.php\/2025\/12\/14\/si-ferma-la-striscia-positiva-del-volley-crescentino\/","title":{"rendered":"Si ferma la striscia positiva del Volley Crescentino"},"content":{"rendered":"\n<p>Sconfitta casalinga per 3-0 per il Volley Crescentino nel campionato di Prima Divisione maschile. I crescentinesi sono stati battuti dal Volley Novara: 16-25, 19-25, 14-25 i parziali.<\/p>\n\n\n\n<div class=\"wp-block-group has-background\" style=\"background-color:#daf794\"><div class=\"wp-block-group__inner-container is-layout-constrained wp-block-group-is-layout-constrained\">\n<div style=\"height:70px\" aria-hidden=\"true\" class=\"wp-block-spacer\"><\/div>\n\n\n\n<h2 class=\"wp-block-heading has-text-align-center\">Iscriviti alla nostra newsletter<\/h2>\n\n\n\n<h2 class=\"wp-block-heading has-text-align-center\">per rimanere sempre informato<\/h2>\n\n\n\n<div class=\"wp-block-buttons is-content-justification-center is-layout-flex wp-container-core-buttons-is-layout-16018d1d wp-block-buttons-is-layout-flex\">\n<div class=\"wp-block-button\"><a class=\"wp-block-button__link has-text-align-center wp-element-button\" href=\"https:\/\/alnutisiari.voxmail.it\/user\/register\" target=\"_blank\" rel=\"noreferrer noopener\">Clicca per iscriverti !!<\/a><\/div>\n<\/div>\n\n\n\n<div style=\"height:75px\" aria-hidden=\"true\" class=\"wp-block-spacer\"><\/div>\n<\/div><\/div>\n\n\n\n<p>Si ferma purtroppo la striscia di vittorie consecutive per il Volley Crescentino che ha affrontato una squadra molto forte: \u201cSono stati superiori a noi in tutto -commentano dalla societ\u00e0-. Purtroppo quando ci troviamo di fronte ad avversari con un muro molto composto e una difesa ben posizionata andiamo nel pallone. I loro attacchi, anche quelli pi\u00f9 sporchi, in qualche modo passavano e ci facevano molto male. Sconfitta assolutamente giusta, potevamo dare sicuramente di pi\u00f9 dal punto di vista della grinta, perch\u00e9 con il passare del tempo, vedendo che il nostro gioco e i nostri schemi erano inefficaci. ci siamo spenti. Sicuramente si \u00e8 notata anche una leggera stanchezza fisica da parte di tutta la squadra. Gi\u00e0 all&#8217;allenamento di mercoled\u00ec si \u00e8 visto che non eravamo al top della condizione<strong>.<\/strong> E\u2019 una sconfitta che ci sta, serve a farci tornare con i piedi per terra e farci capire che la strada \u00e8 ancora lunga e c&#8217;\u00e8 ancora molto da lavorare<strong>. <\/strong>Rimaniamo comunque nella parte medio-alta della classifica, anche se un paio di squadre stanno prendendo il largo, per\u00f2 \u00e8 ancora presto per fare calcoli, non siamo nemmeno a met\u00e0 campionato<strong>. <\/strong>Ora ci aspetta una settimana diversa dal solito in cui faremo allenamento luned\u00ec e marted\u00ec, gioved\u00ec amichevole contro il Montanaro e poi sabato 20 dicembre alle ore 19 partita in trasferta contro il Bellinzago\u201d.<\/p>\n","protected":false},"excerpt":{"rendered":"<p>Sconfitta casalinga per 3-0 per il Volley Crescentino nel campionato di Prima Divisione maschile. I crescentinesi sono stati battuti dal Volley Novara: 16-25, 19-25, 14-25 i parziali. Si ferma purtroppo&#8230;<\/p>\n","protected":false},"author":2,"featured_media":2510,"comment_status":"closed","ping_status":"open","sticky":false,"template":"","format":"standard","meta":{"footnotes":""},"categories":[38],"tags":[],"class_list":["post-2795","post","type-post","status-publish","format-standard","has-post-thumbnail","hentry","category-pallavolo"],"_links":{"self":[{"href":"https:\/\/alnutisiari.it\/index.php\/wp-json\/wp\/v2\/posts\/2795","targetHints":{"allow":["GET"]}}],"collection":[{"href":"https:\/\/alnutisiari.it\/index.php\/wp-json\/wp\/v2\/posts"}],"about":[{"href":"https:\/\/alnutisiari.it\/index.php\/wp-json\/wp\/v2\/types\/post"}],"author":[{"embeddable":true,"href":"https:\/\/alnutisiari.it\/index.php\/wp-json\/wp\/v2\/users\/2"}],"replies":[{"embeddable":true,"href":"https:\/\/alnutisiari.it\/index.php\/wp-json\/wp\/v2\/comments?post=2795"}],"version-history":[{"count":1,"href":"https:\/\/alnutisiari.it\/index.php\/wp-json\/wp\/v2\/posts\/2795\/revisions"}],"predecessor-version":[{"id":2796,"href":"https:\/\/alnutisiari.it\/index.php\/wp-json\/wp\/v2\/posts\/2795\/revisions\/2796"}],"wp:featuredmedia":[{"embeddable":true,"href":"https:\/\/alnutisiari.it\/index.php\/wp-json\/wp\/v2\/media\/2510"}],"wp:attachment":[{"href":"https:\/\/alnutisiari.it\/index.php\/wp-json\/wp\/v2\/media?parent=2795"}],"wp:term":[{"taxonomy":"category","embeddable":true,"href":"https:\/\/alnutisiari.it\/index.php\/wp-json\/wp\/v2\/categories?post=2795"},{"taxonomy":"post_tag","embeddable":true,"href":"https:\/\/alnutisiari.it\/index.php\/wp-json\/wp\/v2\/tags?post=2795"}],"curies":[{"name":"wp","href":"https:\/\/api.w.org\/{rel}","templated":true}]}}