{"id":721,"date":"2025-07-07T11:48:06","date_gmt":"2025-07-07T11:48:06","guid":{"rendered":"https:\/\/alnutisiari.it\/?p=721"},"modified":"2025-07-07T12:20:31","modified_gmt":"2025-07-07T12:20:31","slug":"a-settembre-a-vercelli-arriva-riso-appuntamenti-anche-a-trino","status":"publish","type":"post","link":"https:\/\/alnutisiari.it\/index.php\/2025\/07\/07\/a-settembre-a-vercelli-arriva-riso-appuntamenti-anche-a-trino\/","title":{"rendered":"A settembre a Vercelli arriva Ris\u00f2: appuntamenti anche a Trino"},"content":{"rendered":"\n<p>La scorsa settimana sono stati presentati a Vercelli i &#8220;Tour di Ris\u00f2&#8221;, tra risaie, borghi e sapori, un omaggio alle bellezze del territorio vercellese e piemontese. Sono sei gli itinerari proposti.<\/p>\n\n\n\n<p>Ris\u00f2 \u00e8 il festival internazionale del riso che si terr\u00e0 dal 12 al 14 settembre a Vercelli, ma con appuntamenti nelle cittadine e nei paesi della provincia risicola.<\/p>\n\n\n\n<p>La citt\u00e0, cuore della risicoltura italiana e custode di un\u2019eredit\u00e0 millenaria, e le suggestive Vie dei Borghi d&#8217;Acqua, aprono le porte a sei tour fra le risaie, la cultura e i paesaggi, per proporre un&#8217;esperienza autentica, immersiva e multisensoriale.<\/p>\n\n\n\n<p>Le sei proposte turistiche,\u00a0coordinate da\u00a0Somewhere Tour Operator, si snodano tra campi di riso che sembrano specchi, antichi canali irrigui, cascine storiche e piccoli centri rurali ricchi di fascino. Ogni tappa \u00e8 un invito alla scoperta: si ascoltano storie di chi lavora la terra, si assapora il frutto di un\u2019agricoltura che guarda al futuro, si entra in contatto con un paesaggio modellato dall\u2019uomo e dalla natura in perfetto equilibrio, valorizzando il profondo legame tra uomo e territorio, e mettendo in luce le eccellenze agricole, le tradizioni radicate, il patrimonio architettonico e le sfide ambientali contemporanee.<\/p>\n\n\n\n<p>Dai vicoli medievali della citt\u00e0 alle terre selvagge della Baraggia, dai borghi rurali alle tenute storiche, ogni percorso \u00e8 un invito a esplorare luoghi dove il tempo sembra sospeso e dove ogni dettaglio parla di identit\u00e0.<\/p>\n\n\n\n<p>A presentare i sei tour c&#8217;erano il presidente della Provincia di Vercelli Davide Gilardino, il presidente dei Borghi delle Vie d&#8217;Acqua Daniele Pane, il sindaco di Vercelli Roberto Scheda e Laura Audi, Ceo di Somewhere Tour Operator.<\/p>\n\n\n\n<p>A Vercelli ci saranno due percorsi guidati: &#8220;Vercelli Medievale e Sacra&#8221;, un viaggio nell\u2019intensit\u00e0 spirituale e artistica di un passato millenario, tra chiese, pietre antiche e suggestioni gotiche, e &#8220;Vercelli Terra d&#8217;Acque&#8221;,\u00a0lungo i simboli urbani legati all\u2019acqua, elemento vitale che ha plasmato la storia e l\u2019anima del territorio.<\/p>\n\n\n\n<p>Fuori citt\u00e0 gli altri quattro tour: &#8220;Grange, Tenute e Mulini del Vercellese&#8221; far\u00e0 percorrere strade che attraversano risaie dorate e architetture rurali senza tempo, per un\u2019escursione tra campi, cascine fortificate e luoghi in cui la cultura del riso ha messo radici secolari: tra queste ci sar\u00e0 un passaggio alla sede del Bosco della Partecipanza a Trino e una a Lucedio, per salire sul campanile. &#8220;La Baraggia Vercellese tra Castelli e Monasteri&#8221; porter\u00e0 i visitatori nella \u201csavana d\u2019Europa\u201d, un territorio affascinante e selvaggio, dove si alternano rocche medievali, antichi conventi e panorami mozzafiato, per un\u2019immersione nella storia e nella natura, tra atmosfere d\u2019altri tempi e degustazioni dal sapore autentico. &#8220;Viaggio nel cuore del Vercellese tra antiche tradizioni, tenute e borghi&#8221; far\u00e0 entrare in una dimensione pi\u00f9 intima e segreta, tra silenzi rurali, scorci poco noti e testimonianze di un mondo contadino che resiste e si racconta, per un percorso lento, che invita all\u2019ascolto e alla meraviglia. &#8220;Mosaico di affreschi in Vercellese&#8221; offre uno sguardo ravvicinato su uno dei momenti pi\u00f9 emblematici del ciclo del riso, il taglio. Qui, le antiche tecniche manuali si confrontano con la modernit\u00e0 dei macchinari agricoli, in un dialogo affascinante tra passato e presente. Lungo il tragitto piccoli scrigni d\u2019arte e affreschi preziosi punteggiano il paesaggio, svelando un patrimonio spesso nascosto.<\/p>\n\n\n\n<p>Gilardino ha spiegato che &lt;&lt;i tour sono un&#8217;occasione importante per la promozione di Vercelli e del vercellese all&#8217;interno di Ris\u00f2. Una parte dedicata alla scoperta del nostro territorio e della sua storia millenaria, che si fonda sulla risicoltura e sull\u2019acqua. L\u2019obiettivo \u00e8 quello di entrare in un circuito turistico che possa promuovere Vercelli anche dopo Ris\u00f2, per questo, a partire da ottobre 2024, grazie alla collaborazione con l\u2019assessorato al Turismo della Regione Piemonte\u00a0e\u00a0Visit Piemonte, Ris\u00f2 \u00e8 stato promosso sia a livello nazionale, al\u00a0TTG di Rimini, alla\u00a0BIT di Milano\u00a0e a\u00a0Identit\u00e0 e Cultura a Roma, sia soprattutto a livello internazionale, a\u00a0Fruit Logistica di Berlino\u00a0e, pochi giorni fa, al\u00a0Summer Fancy Food di New York. Senza contare che\u00a0Ris\u00f2 \u00e8 stato presentato alla stampa estera alla cena di gala in occasione dei 50 Best Restaurants\u00a0che si \u00e8 svolta a Venaria Reale>>.<\/p>\n","protected":false},"excerpt":{"rendered":"<p>La scorsa settimana sono stati presentati a Vercelli i &#8220;Tour di Ris\u00f2&#8221;, tra risaie, borghi e sapori, un omaggio alle bellezze del territorio vercellese e piemontese. Sono sei gli itinerari&#8230;<\/p>\n","protected":false},"author":2,"featured_media":722,"comment_status":"open","ping_status":"open","sticky":false,"template":"","format":"standard","meta":{"footnotes":""},"categories":[17,45],"tags":[],"class_list":["post-721","post","type-post","status-publish","format-standard","has-post-thumbnail","hentry","category-eventi","category-riso"],"_links":{"self":[{"href":"https:\/\/alnutisiari.it\/index.php\/wp-json\/wp\/v2\/posts\/721","targetHints":{"allow":["GET"]}}],"collection":[{"href":"https:\/\/alnutisiari.it\/index.php\/wp-json\/wp\/v2\/posts"}],"about":[{"href":"https:\/\/alnutisiari.it\/index.php\/wp-json\/wp\/v2\/types\/post"}],"author":[{"embeddable":true,"href":"https:\/\/alnutisiari.it\/index.php\/wp-json\/wp\/v2\/users\/2"}],"replies":[{"embeddable":true,"href":"https:\/\/alnutisiari.it\/index.php\/wp-json\/wp\/v2\/comments?post=721"}],"version-history":[{"count":1,"href":"https:\/\/alnutisiari.it\/index.php\/wp-json\/wp\/v2\/posts\/721\/revisions"}],"predecessor-version":[{"id":723,"href":"https:\/\/alnutisiari.it\/index.php\/wp-json\/wp\/v2\/posts\/721\/revisions\/723"}],"wp:featuredmedia":[{"embeddable":true,"href":"https:\/\/alnutisiari.it\/index.php\/wp-json\/wp\/v2\/media\/722"}],"wp:attachment":[{"href":"https:\/\/alnutisiari.it\/index.php\/wp-json\/wp\/v2\/media?parent=721"}],"wp:term":[{"taxonomy":"category","embeddable":true,"href":"https:\/\/alnutisiari.it\/index.php\/wp-json\/wp\/v2\/categories?post=721"},{"taxonomy":"post_tag","embeddable":true,"href":"https:\/\/alnutisiari.it\/index.php\/wp-json\/wp\/v2\/tags?post=721"}],"curies":[{"name":"wp","href":"https:\/\/api.w.org\/{rel}","templated":true}]}}