{"id":890,"date":"2025-07-24T06:18:34","date_gmt":"2025-07-24T06:18:34","guid":{"rendered":"https:\/\/alnutisiari.it\/?p=890"},"modified":"2025-07-24T06:18:35","modified_gmt":"2025-07-24T06:18:35","slug":"dufour-varallo-75-anni-e-un-settore-giovanile-vivaio-di-talenti","status":"publish","type":"post","link":"https:\/\/alnutisiari.it\/index.php\/2025\/07\/24\/dufour-varallo-75-anni-e-un-settore-giovanile-vivaio-di-talenti\/","title":{"rendered":"Dufour Varallo, 75 anni e un settore giovanile vivaio di talenti"},"content":{"rendered":"\n<p>Vercellese dell&#8217;alta provincia, la Dufour Varallo compie quest&#8217;anno 75 anni e il suo settore giovanile \u00e8 un vivaio di talenti pronti a crescere.<\/p>\n\n\n\n<p>A parlarne \u00e8 il dirigente della giovanili Roberto Amodio.<\/p>\n\n\n\n<figure class=\"wp-block-image size-large\"><img loading=\"lazy\" decoding=\"async\" width=\"768\" height=\"1024\" src=\"https:\/\/alnutisiari.it\/wp-content\/uploads\/2025\/07\/20250714_113308-768x1024.jpg\" alt=\"\" class=\"wp-image-892\" srcset=\"https:\/\/alnutisiari.it\/wp-content\/uploads\/2025\/07\/20250714_113308-768x1024.jpg 768w, https:\/\/alnutisiari.it\/wp-content\/uploads\/2025\/07\/20250714_113308-225x300.jpg 225w, https:\/\/alnutisiari.it\/wp-content\/uploads\/2025\/07\/20250714_113308-1152x1536.jpg 1152w, https:\/\/alnutisiari.it\/wp-content\/uploads\/2025\/07\/20250714_113308-1536x2048.jpg 1536w, https:\/\/alnutisiari.it\/wp-content\/uploads\/2025\/07\/20250714_113308-1250x1667.jpg 1250w, https:\/\/alnutisiari.it\/wp-content\/uploads\/2025\/07\/20250714_113308-scaled.jpg 1920w\" sizes=\"auto, (max-width: 768px) 100vw, 768px\" \/><\/figure>\n\n\n\n<p><em>Roberto Amodio<\/em><\/p>\n\n\n\n<p>&lt;&lt;La Dufour \u00e8 lieta di presentare il proprio settore giovanile, un vero e proprio vivaio di giovani calciatori che rappresentano il futuro del club. Con un focus sull&#8217;attivit\u00e0 di base e una solida struttura di formazione, il settore giovanile si impegna a promuovere i valori dello sport e a far crescere i giovani atleti sia dal punto di vista tecnico che umano. Alla Dufour offriamo un percorso di crescita completo, che inizia con i primi calci e prosegue nelle diverse categorie giovanili con la presenza di tutte le annate per l&#8217;iscrizione nei campionati delle attivit\u00e0 di base e agonistici per un totale di ben 200 iscritti. Ogni categoria \u00e8 seguita da allenatori qualificati e preparati, che lavorano con passione per sviluppare le capacit\u00e0 tecniche, tattiche e fisiche dei ragazzi. L&#8217;obiettivo \u00e8 quello di farli crescere in un ambiente sano e stimolante, dove possano apprendere i fondamentali del calcio e, soprattutto, divertirsi>>.<\/p>\n\n\n\n<p>Un fiore all&#8217;occhiello: &lt;&lt;La Dufour crede fermamente che il calcio sia un potente strumento educativo. Per questo motivo, il settore giovanile promuove valori come il rispetto, la lealt\u00e0, lo spirito di squadra e la disciplina. Valori che vengono contraddistinti anche con il riconoscimento da parte della Figc quale societ\u00e0 Scuola Calcio Elite. Il settore giovanile nero-verde \u00e8 costantemente impegnato in progetti e iniziative volte a migliorare l&#8217;esperienza dei giovani atleti>>.<\/p>\n\n\n\n<p>Amodio illustra i progetti.<\/p>\n\n\n\n<p>&lt;&lt;Le collaborazioni con le scuole: collaboriamo attivamente con le scuole locali per promuovere il calcio e l&#8217;attivit\u00e0 fisica tra i pi\u00f9 giovani. Tornei e amichevoli: il settore giovanile partecipa a numerosi tornei e amichevoli, sia a livello locale che nazionale, offrendo ai ragazzi l&#8217;opportunit\u00e0 di confrontarsi con altre realt\u00e0 e di mettere in pratica quanto appreso in allenamento ed organizzando tornei interni per tutte le categorie di base. Annualmente organizziamo i camp estivi con societ\u00e0 europee per permettere ai nostri ragazzi di conoscere culture, lingue e tradizioni straniere, mentre apprendono il gioco del calcio a livello professionistico. Le utime due sono state gli scozzesi del Celtic e gli spagnoli del Valencia. E chi partecipa pu\u00f2 anche andare a fare un week end nella loro citt\u00e0 vedendo la partita, lo stadio, il museo e ovviamente la citt\u00e0>>.<\/p>\n\n\n\n<figure class=\"wp-block-image size-large\"><img loading=\"lazy\" decoding=\"async\" width=\"768\" height=\"1024\" src=\"https:\/\/alnutisiari.it\/wp-content\/uploads\/2025\/07\/IMG-20250723-WA0025-768x1024.jpg\" alt=\"\" class=\"wp-image-893\" srcset=\"https:\/\/alnutisiari.it\/wp-content\/uploads\/2025\/07\/IMG-20250723-WA0025-768x1024.jpg 768w, https:\/\/alnutisiari.it\/wp-content\/uploads\/2025\/07\/IMG-20250723-WA0025-225x300.jpg 225w, https:\/\/alnutisiari.it\/wp-content\/uploads\/2025\/07\/IMG-20250723-WA0025-1152x1536.jpg 1152w, https:\/\/alnutisiari.it\/wp-content\/uploads\/2025\/07\/IMG-20250723-WA0025-1250x1667.jpg 1250w, https:\/\/alnutisiari.it\/wp-content\/uploads\/2025\/07\/IMG-20250723-WA0025.jpg 1536w\" sizes=\"auto, (max-width: 768px) 100vw, 768px\" \/><\/figure>\n\n\n\n<p>Amodio conclude: &lt;&lt;Essendo \u00c9lite organizziamo interventi con psicologi, esperti di alimentazione e con tutti coloro che possono migliorare i ragazzi e il rapporto con le famiglie. Abbiamo una collaborazione con l&#8217;Associazione Passepartout che promuove lo sport attraverso l&#8217;inclusione, il benessere psicofisico delle persone con disabilit\u00e0 intellettiva e settimanalmente mandiamo ragazzi di un gruppo categoria Allievi ad allenarsi con loro. Con un team di allenatori preparati, un ambiente di crescita positivo e una solida base di valori, il club \u00e8 pronto a formare i ragazzi per le prossime prime squadre di calcio della citt\u00e0 ai piedi del Sacro Monte ed essendo affiliati con la Pro Vercelli 1892 la speranza \u00e8 di vederli con la storica maglia vercellese che da vicino ci segue e ci aiuta a migliorare in ogni aspetto il nostro operato>>.<br><br><\/p>\n","protected":false},"excerpt":{"rendered":"<p>Vercellese dell&#8217;alta provincia, la Dufour Varallo compie quest&#8217;anno 75 anni e il suo settore giovanile \u00e8 un vivaio di talenti pronti a crescere. A parlarne \u00e8 il dirigente della giovanili&#8230;<\/p>\n","protected":false},"author":2,"featured_media":891,"comment_status":"open","ping_status":"open","sticky":false,"template":"","format":"standard","meta":{"footnotes":""},"categories":[6,34],"tags":[],"class_list":["post-890","post","type-post","status-publish","format-standard","has-post-thumbnail","hentry","category-calcio","category-giovanili"],"_links":{"self":[{"href":"https:\/\/alnutisiari.it\/index.php\/wp-json\/wp\/v2\/posts\/890","targetHints":{"allow":["GET"]}}],"collection":[{"href":"https:\/\/alnutisiari.it\/index.php\/wp-json\/wp\/v2\/posts"}],"about":[{"href":"https:\/\/alnutisiari.it\/index.php\/wp-json\/wp\/v2\/types\/post"}],"author":[{"embeddable":true,"href":"https:\/\/alnutisiari.it\/index.php\/wp-json\/wp\/v2\/users\/2"}],"replies":[{"embeddable":true,"href":"https:\/\/alnutisiari.it\/index.php\/wp-json\/wp\/v2\/comments?post=890"}],"version-history":[{"count":1,"href":"https:\/\/alnutisiari.it\/index.php\/wp-json\/wp\/v2\/posts\/890\/revisions"}],"predecessor-version":[{"id":894,"href":"https:\/\/alnutisiari.it\/index.php\/wp-json\/wp\/v2\/posts\/890\/revisions\/894"}],"wp:featuredmedia":[{"embeddable":true,"href":"https:\/\/alnutisiari.it\/index.php\/wp-json\/wp\/v2\/media\/891"}],"wp:attachment":[{"href":"https:\/\/alnutisiari.it\/index.php\/wp-json\/wp\/v2\/media?parent=890"}],"wp:term":[{"taxonomy":"category","embeddable":true,"href":"https:\/\/alnutisiari.it\/index.php\/wp-json\/wp\/v2\/categories?post=890"},{"taxonomy":"post_tag","embeddable":true,"href":"https:\/\/alnutisiari.it\/index.php\/wp-json\/wp\/v2\/tags?post=890"}],"curies":[{"name":"wp","href":"https:\/\/api.w.org\/{rel}","templated":true}]}}